{"id":5249,"date":"2023-06-26T13:27:11","date_gmt":"2023-06-26T11:27:11","guid":{"rendered":"https:\/\/www.unibaugewerbebau.de\/?p=5249"},"modified":"2024-04-29T07:30:35","modified_gmt":"2024-04-29T05:30:35","slug":"das-leben-geniessen","status":"publish","type":"post","link":"https:\/\/www.unibaugewerbebau.de\/en\/das-leben-geniessen\/","title":{"rendered":"&#8220;Das Leben genie\u00dfen&#8221;"},"content":{"rendered":"\n<p>In tiefer Trauer nehmen wir Abschied von unserem CEO Erik van Dijk (49). Er starb in der Nacht des 25. Juni 2023 nach einem t\u00f6dlichen Unfall in \u00d6sterreich. Eine Nacht, die auf einen Tag folgte, an dem er das Leben voll genossen hat. Genie\u00dfen, das konnte Erik wie kein anderer und er teilte sein Gl\u00fcck stets mit anderen. &#8220;Genie\u00dfe das Leben, denn es ist schon so kurz&#8221;, war sein Lebensmotto. Dass sein Leben aber nur so kurz war, ist f\u00fcr uns alle unfassbar. Eriks Abenteuer ist viel zu fr\u00fch zu Ende gegangen. Wir werden ihn als Kollegen und als Freund unglaublich vermissen und versprechen, das Leben weiterhin in vollen Z\u00fcgen zu genie\u00dfen.<\/p>\n\n\n\n<figure class=\"wp-block-gallery has-nested-images columns-default is-cropped wp-block-gallery-1 is-layout-flex wp-block-gallery-is-layout-flex\">\n<figure class=\"wp-block-image size-large\"><img loading=\"lazy\" decoding=\"async\" width=\"1024\" height=\"1024\" data-id=\"5254\" src=\"https:\/\/www.unibaugewerbebau.de\/wp-content\/uploads\/2023\/06\/Erik-Insta-DE-1024x1024.jpg\" alt=\"\" class=\"wp-image-5254\" srcset=\"https:\/\/www.unibaugewerbebau.de\/wp-content\/uploads\/2023\/06\/Erik-Insta-DE-1024x1024.jpg 1024w, https:\/\/www.unibaugewerbebau.de\/wp-content\/uploads\/2023\/06\/Erik-Insta-DE-300x300.jpg 300w, https:\/\/www.unibaugewerbebau.de\/wp-content\/uploads\/2023\/06\/Erik-Insta-DE-150x150.jpg 150w, https:\/\/www.unibaugewerbebau.de\/wp-content\/uploads\/2023\/06\/Erik-Insta-DE-768x768.jpg 768w, https:\/\/www.unibaugewerbebau.de\/wp-content\/uploads\/2023\/06\/Erik-Insta-DE-1536x1536.jpg 1536w, https:\/\/www.unibaugewerbebau.de\/wp-content\/uploads\/2023\/06\/Erik-Insta-DE-2048x2048.jpg 2048w\" sizes=\"auto, (max-width: 1024px) 100vw, 1024px\" \/><\/figure>\n<\/figure>\n","protected":false},"excerpt":{"rendered":"<p>In tiefer Trauer nehmen wir Abschied von unserem CEO Erik van Dijk (49). Er starb in der Nacht des 25. &hellip;<\/p>\n","protected":false},"author":5,"featured_media":5250,"comment_status":"closed","ping_status":"closed","sticky":false,"template":"","format":"standard","meta":{"_acf_changed":false,"footnotes":""},"categories":[3],"tags":[],"class_list":["post-5249","post","type-post","status-publish","format-standard","has-post-thumbnail","hentry","category-unkategorisiert"],"acf":[],"yoast_head":"<!-- This site is optimized with the Yoast SEO plugin v23.5 - https:\/\/yoast.com\/wordpress\/plugins\/seo\/ -->\n<title>&quot;Das Leben genie\u00dfen&quot; - Unibau Gewerbebau GmbH<\/title>\n<meta name=\"description\" content=\"In tiefer Trauer nehmen wir Abschied von unserem CEO Erik van Dijk (49). &quot;Genie\u00dfe das Leben, denn es ist schon so kurz&quot;, war sein Lebensmotto\" \/>\n<meta name=\"robots\" content=\"index, follow, max-snippet:-1, max-image-preview:large, max-video-preview:-1\" \/>\n<link rel=\"canonical\" href=\"https:\/\/www.unibaugewerbebau.de\/en\/das-leben-geniessen\/\" \/>\n<meta property=\"og:locale\" content=\"en_US\" \/>\n<meta property=\"og:type\" content=\"article\" \/>\n<meta property=\"og:title\" content=\"&quot;Das Leben genie\u00dfen&quot; - Unibau Gewerbebau GmbH\" \/>\n<meta property=\"og:description\" content=\"In tiefer Trauer nehmen wir Abschied von unserem CEO Erik van Dijk (49). &quot;Genie\u00dfe das Leben, denn es ist schon so kurz&quot;, war sein Lebensmotto\" \/>\n<meta property=\"og:url\" content=\"https:\/\/www.unibaugewerbebau.de\/en\/das-leben-geniessen\/\" \/>\n<meta property=\"og:site_name\" content=\"Unibau Gewerbebau GmbH\" \/>\n<meta property=\"article:published_time\" content=\"2023-06-26T11:27:11+00:00\" \/>\n<meta property=\"article:modified_time\" content=\"2024-04-29T05:30:35+00:00\" \/>\n<meta property=\"og:image\" content=\"https:\/\/www.unibaugewerbebau.de\/wp-content\/uploads\/2023\/06\/erik-van-dijk-WEBSITE.png\" \/>\n\t<meta property=\"og:image:width\" content=\"690\" \/>\n\t<meta property=\"og:image:height\" content=\"388\" \/>\n\t<meta property=\"og:image:type\" content=\"image\/png\" \/>\n<meta name=\"author\" content=\"Anke Raijmakers - van Horik\" \/>\n<meta name=\"twitter:card\" content=\"summary_large_image\" \/>\n<meta name=\"twitter:label1\" content=\"Written by\" \/>\n\t<meta name=\"twitter:data1\" content=\"Anke Raijmakers - van Horik\" \/>\n\t<meta name=\"twitter:label2\" content=\"Est. reading time\" \/>\n\t<meta name=\"twitter:data2\" content=\"1 minute\" \/>\n<script type=\"application\/ld+json\" class=\"yoast-schema-graph\">{\"@context\":\"https:\/\/schema.org\",\"@graph\":[{\"@type\":\"WebPage\",\"@id\":\"https:\/\/www.unibaugewerbebau.de\/en\/das-leben-geniessen\/\",\"url\":\"https:\/\/www.unibaugewerbebau.de\/en\/das-leben-geniessen\/\",\"name\":\"\\\"Das Leben genie\u00dfen\\\" - Unibau Gewerbebau GmbH\",\"isPartOf\":{\"@id\":\"https:\/\/www.unibaugewerbebau.de\/en\/#website\"},\"primaryImageOfPage\":{\"@id\":\"https:\/\/www.unibaugewerbebau.de\/en\/das-leben-geniessen\/#primaryimage\"},\"image\":{\"@id\":\"https:\/\/www.unibaugewerbebau.de\/en\/das-leben-geniessen\/#primaryimage\"},\"thumbnailUrl\":\"https:\/\/www.unibaugewerbebau.de\/wp-content\/uploads\/2023\/06\/erik-van-dijk-WEBSITE.png\",\"datePublished\":\"2023-06-26T11:27:11+00:00\",\"dateModified\":\"2024-04-29T05:30:35+00:00\",\"author\":{\"@id\":\"https:\/\/www.unibaugewerbebau.de\/en\/#\/schema\/person\/c6b6aea453107dfa012c8f95f02b6409\"},\"description\":\"In tiefer Trauer nehmen wir Abschied von unserem CEO Erik van Dijk (49). \\\"Genie\u00dfe das Leben, denn es ist schon so kurz\\\", war sein Lebensmotto\",\"inLanguage\":\"en-US\",\"potentialAction\":[{\"@type\":\"ReadAction\",\"target\":[\"https:\/\/www.unibaugewerbebau.de\/en\/das-leben-geniessen\/\"]}]},{\"@type\":\"ImageObject\",\"inLanguage\":\"en-US\",\"@id\":\"https:\/\/www.unibaugewerbebau.de\/en\/das-leben-geniessen\/#primaryimage\",\"url\":\"https:\/\/www.unibaugewerbebau.de\/wp-content\/uploads\/2023\/06\/erik-van-dijk-WEBSITE.png\",\"contentUrl\":\"https:\/\/www.unibaugewerbebau.de\/wp-content\/uploads\/2023\/06\/erik-van-dijk-WEBSITE.png\",\"width\":690,\"height\":388,\"caption\":\"Erik van Dijk\"},{\"@type\":\"WebSite\",\"@id\":\"https:\/\/www.unibaugewerbebau.de\/en\/#website\",\"url\":\"https:\/\/www.unibaugewerbebau.de\/en\/\",\"name\":\"Unibau Gewerbebau GmbH\",\"description\":\"\",\"potentialAction\":[{\"@type\":\"SearchAction\",\"target\":{\"@type\":\"EntryPoint\",\"urlTemplate\":\"https:\/\/www.unibaugewerbebau.de\/en\/?s={search_term_string}\"},\"query-input\":{\"@type\":\"PropertyValueSpecification\",\"valueRequired\":true,\"valueName\":\"search_term_string\"}}],\"inLanguage\":\"en-US\"},{\"@type\":\"Person\",\"@id\":\"https:\/\/www.unibaugewerbebau.de\/en\/#\/schema\/person\/c6b6aea453107dfa012c8f95f02b6409\",\"name\":\"Anke Raijmakers - van Horik\",\"url\":\"https:\/\/www.unibaugewerbebau.de\/en\/author\/ankeunibouw-eu\/\"}]}<\/script>\n<!-- \/ Yoast SEO plugin. -->","yoast_head_json":{"title":"\"Das Leben genie\u00dfen\" - Unibau Gewerbebau GmbH","description":"In tiefer Trauer nehmen wir Abschied von unserem CEO Erik van Dijk (49). \"Genie\u00dfe das Leben, denn es ist schon so kurz\", war sein Lebensmotto","robots":{"index":"index","follow":"follow","max-snippet":"max-snippet:-1","max-image-preview":"max-image-preview:large","max-video-preview":"max-video-preview:-1"},"canonical":"https:\/\/www.unibaugewerbebau.de\/en\/das-leben-geniessen\/","og_locale":"en_US","og_type":"article","og_title":"\"Das Leben genie\u00dfen\" - Unibau Gewerbebau GmbH","og_description":"In tiefer Trauer nehmen wir Abschied von unserem CEO Erik van Dijk (49). \"Genie\u00dfe das Leben, denn es ist schon so kurz\", war sein Lebensmotto","og_url":"https:\/\/www.unibaugewerbebau.de\/en\/das-leben-geniessen\/","og_site_name":"Unibau Gewerbebau GmbH","article_published_time":"2023-06-26T11:27:11+00:00","article_modified_time":"2024-04-29T05:30:35+00:00","og_image":[{"width":690,"height":388,"url":"https:\/\/www.unibaugewerbebau.de\/wp-content\/uploads\/2023\/06\/erik-van-dijk-WEBSITE.png","type":"image\/png"}],"author":"Anke Raijmakers - van Horik","twitter_card":"summary_large_image","twitter_misc":{"Written by":"Anke Raijmakers - van Horik","Est. reading time":"1 minute"},"schema":{"@context":"https:\/\/schema.org","@graph":[{"@type":"WebPage","@id":"https:\/\/www.unibaugewerbebau.de\/en\/das-leben-geniessen\/","url":"https:\/\/www.unibaugewerbebau.de\/en\/das-leben-geniessen\/","name":"\"Das Leben genie\u00dfen\" - Unibau Gewerbebau GmbH","isPartOf":{"@id":"https:\/\/www.unibaugewerbebau.de\/en\/#website"},"primaryImageOfPage":{"@id":"https:\/\/www.unibaugewerbebau.de\/en\/das-leben-geniessen\/#primaryimage"},"image":{"@id":"https:\/\/www.unibaugewerbebau.de\/en\/das-leben-geniessen\/#primaryimage"},"thumbnailUrl":"https:\/\/www.unibaugewerbebau.de\/wp-content\/uploads\/2023\/06\/erik-van-dijk-WEBSITE.png","datePublished":"2023-06-26T11:27:11+00:00","dateModified":"2024-04-29T05:30:35+00:00","author":{"@id":"https:\/\/www.unibaugewerbebau.de\/en\/#\/schema\/person\/c6b6aea453107dfa012c8f95f02b6409"},"description":"In tiefer Trauer nehmen wir Abschied von unserem CEO Erik van Dijk (49). \"Genie\u00dfe das Leben, denn es ist schon so kurz\", war sein Lebensmotto","inLanguage":"en-US","potentialAction":[{"@type":"ReadAction","target":["https:\/\/www.unibaugewerbebau.de\/en\/das-leben-geniessen\/"]}]},{"@type":"ImageObject","inLanguage":"en-US","@id":"https:\/\/www.unibaugewerbebau.de\/en\/das-leben-geniessen\/#primaryimage","url":"https:\/\/www.unibaugewerbebau.de\/wp-content\/uploads\/2023\/06\/erik-van-dijk-WEBSITE.png","contentUrl":"https:\/\/www.unibaugewerbebau.de\/wp-content\/uploads\/2023\/06\/erik-van-dijk-WEBSITE.png","width":690,"height":388,"caption":"Erik van Dijk"},{"@type":"WebSite","@id":"https:\/\/www.unibaugewerbebau.de\/en\/#website","url":"https:\/\/www.unibaugewerbebau.de\/en\/","name":"Unibau Gewerbebau GmbH","description":"","potentialAction":[{"@type":"SearchAction","target":{"@type":"EntryPoint","urlTemplate":"https:\/\/www.unibaugewerbebau.de\/en\/?s={search_term_string}"},"query-input":{"@type":"PropertyValueSpecification","valueRequired":true,"valueName":"search_term_string"}}],"inLanguage":"en-US"},{"@type":"Person","@id":"https:\/\/www.unibaugewerbebau.de\/en\/#\/schema\/person\/c6b6aea453107dfa012c8f95f02b6409","name":"Anke Raijmakers - van Horik","url":"https:\/\/www.unibaugewerbebau.de\/en\/author\/ankeunibouw-eu\/"}]}},"_links":{"self":[{"href":"https:\/\/www.unibaugewerbebau.de\/en\/wp-json\/wp\/v2\/posts\/5249","targetHints":{"allow":["GET"]}}],"collection":[{"href":"https:\/\/www.unibaugewerbebau.de\/en\/wp-json\/wp\/v2\/posts"}],"about":[{"href":"https:\/\/www.unibaugewerbebau.de\/en\/wp-json\/wp\/v2\/types\/post"}],"author":[{"embeddable":true,"href":"https:\/\/www.unibaugewerbebau.de\/en\/wp-json\/wp\/v2\/users\/5"}],"replies":[{"embeddable":true,"href":"https:\/\/www.unibaugewerbebau.de\/en\/wp-json\/wp\/v2\/comments?post=5249"}],"version-history":[{"count":2,"href":"https:\/\/www.unibaugewerbebau.de\/en\/wp-json\/wp\/v2\/posts\/5249\/revisions"}],"predecessor-version":[{"id":5257,"href":"https:\/\/www.unibaugewerbebau.de\/en\/wp-json\/wp\/v2\/posts\/5249\/revisions\/5257"}],"wp:featuredmedia":[{"embeddable":true,"href":"https:\/\/www.unibaugewerbebau.de\/en\/wp-json\/wp\/v2\/media\/5250"}],"wp:attachment":[{"href":"https:\/\/www.unibaugewerbebau.de\/en\/wp-json\/wp\/v2\/media?parent=5249"}],"wp:term":[{"taxonomy":"category","embeddable":true,"href":"https:\/\/www.unibaugewerbebau.de\/en\/wp-json\/wp\/v2\/categories?post=5249"},{"taxonomy":"post_tag","embeddable":true,"href":"https:\/\/www.unibaugewerbebau.de\/en\/wp-json\/wp\/v2\/tags?post=5249"}],"curies":[{"name":"wp","href":"https:\/\/api.w.org\/{rel}","templated":true}]}}