{"id":5692,"date":"2024-08-26T11:59:34","date_gmt":"2024-08-26T09:59:34","guid":{"rendered":"https:\/\/www.unibaugewerbebau.de\/?p=5692"},"modified":"2024-09-05T10:28:22","modified_gmt":"2024-09-05T08:28:22","slug":"firmensitz-von-quantolux-im-klever-gewerbegebiet","status":"publish","type":"post","link":"https:\/\/www.unibaugewerbebau.de\/en\/firmensitz-von-quantolux-im-klever-gewerbegebiet\/","title":{"rendered":"Richtfest von QuantoLux im Klever Gewerbegebiet"},"content":{"rendered":"\n<h1 class=\"wp-block-heading\">Neuer Firmensitz von QuantoLux<\/h1>\n\n\n\n<p>Am vergangenen Dienstag war es endlich soweit: Die Firma QuantoLux feierte Richtfest f\u00fcr ihren neuen Firmensitz im Klever Gewerbegebiet an der Van-Houten-Stra\u00dfe. Der traditionsreiche Moment markiert einen wichtigen Meilenstein in der Unternehmensgeschichte und unterstreicht den Expansionskurs des Unternehmens, das derzeit noch im Technologiezentrum Kleve an der Boschstra\u00dfe ans\u00e4ssig ist.<\/p>\n\n\n\n<h2 class=\"wp-block-heading\"><strong>Ein Schritt in die Zukunft: Der neue Firmensitz<\/strong><\/h2>\n\n\n\n<p>Mit der Fertigstellung des neuen Standorts, die f\u00fcr das erste Quartal 2025 geplant ist, setzt QuantoLux ein deutliches Zeichen f\u00fcr ihre Wachstumsambitionen. Auf einem 7.200 Quadratmeter gro\u00dfen Grundst\u00fcck entsteht ein modernes Geb\u00e4ude, das 800 Quadratmeter B\u00fcrofl\u00e4che, 286 Quadratmeter Lagerfl\u00e4che und 687 Quadratmeter Grundfl\u00e4che umfasst. Diese Erweiterung ist dringend notwendig, da der Platz im bisherigen Technologiezentrum an der Boschstra\u00dfe schon lange nicht mehr ausreicht. \u201eWir haben uns da schon immer mehr ausgedehnt, aber nun ist kein freier Platz mehr zur Verf\u00fcgung\u201c, erkl\u00e4rt Mischa Ounanian, einer der beiden gesch\u00e4ftsf\u00fchrenden Gesellschafter von QuantoLux.<\/p>\n\n\n\n<h2 class=\"wp-block-heading\"><strong>\u00dcber QuantoLux: Innovation trifft auf Tradition<\/strong><\/h2>\n\n\n\n<p>QuantoLux entwickelt hochspezialisierte Technologien zur Materialanalyse und bietet ihren Kunden entsprechende Ger\u00e4te an. Beispiele hierf\u00fcr sind der \u201eAlloyChecker\u201c, ein Handlaserspektrometer, das in der Metallindustrie zur Metallsortierung und Materialidentifikation eingesetzt wird, sowie das \u201eQLX3\u201c, ein Tischlaserspektrometer, das die elementare Zusammensetzung von Feststoffen in Sekundenschnelle bestimmt. Diese Ger\u00e4te sind essenziell f\u00fcr die Qualit\u00e4tssicherung und die effiziente Sortierung von Materialien, insbesondere im Rahmen von Recyclingprozessen.<\/p>\n\n\n\n<p>Die Wurzeln von QuantoLux liegen tief in der Klever Industriegeschichte. Sowohl Mischa Ounanian als auch Andreas Kunz, der zweite gesch\u00e4ftsf\u00fchrende Gesellschafter, begannen ihre Karrieren bei der traditionsreichen Firma Spectro, die 1979 von Paul Friedhoff in Kleve gegr\u00fcndet wurde. 2002 gr\u00fcndeten sie gemeinsam mit Friedhoff die Firma Quantron, die sp\u00e4ter an einen Konzern verkauft wurde. 2016 entschlossen sich Ounanian und Kunz jedoch, ihre eigenen Wege zu gehen und gr\u00fcndeten QuantoLux \u2013 mit dem klaren Ziel, die Laserspektrometrie zum Standard zu machen und damit die Funkenspektrometrie zu ersetzen.<\/p>\n\n\n\n<h2 class=\"wp-block-heading\"><strong>Der Bauprozess: <a href=\"https:\/\/www.unibaugewerbebau.de\/kontakt\/\">Eine erfolgreiche Zusammenarbeit<\/a><\/strong><\/h2>\n\n\n\n<p>F\u00fcr den Entwurf, die Planung und die Realisierung des neuen Firmensitzes zeichnet die Unibau Gewerbebau GmbH aus D\u00fcsseldorf verantwortlich. Dank des z\u00fcgigen Baufortschritts \u2013 vor sechs Wochen war das Baugel\u00e4nde noch leer \u2013 wird die Fertigstellung des Geb\u00e4udes im ersten Quartal 2025 als realistisch angesehen. \u201eWenn ich \u00fcberlege, dass hier vor sechs Wochen noch nichts stand&#8230;\u201c, kommentiert Ounanian begeistert und verweist auf den beeindruckenden Rohbau mit Flachdach, der bereits in die H\u00f6he gewachsen ist. Mit der Arbeit von Unibau zeigt sich die Gesch\u00e4ftsf\u00fchrung von QuantoLux sehr zufrieden.<\/p>\n\n\n\n<h2 class=\"wp-block-heading\"><strong>Ein bedeutendes Ereignis f\u00fcr Kleve<\/strong><\/h2>\n\n\n\n<p>Das Richtfest, zu dem auch Vertreter aus Verwaltung und Politik erschienen, darunter B\u00fcrgermeister Wolfgang Gebing, betont die Bedeutung dieser Expansion f\u00fcr die Stadt Kleve. Die Standortverlagerung von QuantoLux bleibt dabei innerhalb der Stadtgrenzen, was den Arbeitsweg der Mitarbeiter kaum beeinflusst \u2013 der neue Standort ist nur einen Kilometer Luftlinie vom bisherigen entfernt.<\/p>\n\n\n\n<p>Mit der wachsenden Belegschaft \u2013 von derzeit elf auf geplante 30 Mitarbeiter \u2013 und der M\u00f6glichkeit, das Grundst\u00fcck f\u00fcr zuk\u00fcnftige Erweiterungen zu nutzen, stellt der neue Firmensitz von <a href=\"https:\/\/quantolux.de\">QuantoLux<\/a> nicht nur einen weiteren Schritt in der Unternehmensentwicklung dar, sondern auch einen Gewinn f\u00fcr die Region Kleve.<\/p>\n\n\n\n<figure class=\"wp-block-image size-large\"><img loading=\"lazy\" decoding=\"async\" width=\"979\" height=\"1024\" src=\"https:\/\/www.unibaugewerbebau.de\/wp-content\/uploads\/2024\/08\/RheinischePost_21Aug2024-979x1024.jpeg\" alt=\"QuantoLux\" class=\"wp-image-5699\" srcset=\"https:\/\/www.unibaugewerbebau.de\/wp-content\/uploads\/2024\/08\/RheinischePost_21Aug2024-979x1024.jpeg 979w, https:\/\/www.unibaugewerbebau.de\/wp-content\/uploads\/2024\/08\/RheinischePost_21Aug2024-287x300.jpeg 287w, https:\/\/www.unibaugewerbebau.de\/wp-content\/uploads\/2024\/08\/RheinischePost_21Aug2024-768x803.jpeg 768w, https:\/\/www.unibaugewerbebau.de\/wp-content\/uploads\/2024\/08\/RheinischePost_21Aug2024.jpeg 1048w\" sizes=\"auto, (max-width: 979px) 100vw, 979px\" \/><figcaption class=\"wp-element-caption\">QuantoLux<\/figcaption><\/figure>\n","protected":false},"excerpt":{"rendered":"<p>Neuer Firmensitz von QuantoLux Am vergangenen Dienstag war es endlich soweit: Die Firma QuantoLux feierte Richtfest f\u00fcr ihren neuen Firmensitz &hellip;<\/p>\n","protected":false},"author":5,"featured_media":5695,"comment_status":"closed","ping_status":"closed","sticky":false,"template":"","format":"standard","meta":{"_acf_changed":false,"footnotes":""},"categories":[3],"tags":[],"class_list":["post-5692","post","type-post","status-publish","format-standard","has-post-thumbnail","hentry","category-unkategorisiert"],"acf":[],"yoast_head":"<!-- This site is optimized with the Yoast SEO plugin v23.5 - https:\/\/yoast.com\/wordpress\/plugins\/seo\/ -->\n<title>Neuer Firmensitz von QuantoLux im Klever Gewerbegebiet<\/title>\n<meta name=\"description\" content=\"Die Firma QuantoLux feierte Richtfest f\u00fcr ihren neuen Firmensitz im Klever Gewerbegebiet an der Van-Houten-Stra\u00dfe.\" \/>\n<meta name=\"robots\" content=\"index, follow, max-snippet:-1, max-image-preview:large, max-video-preview:-1\" \/>\n<link rel=\"canonical\" href=\"https:\/\/www.unibaugewerbebau.de\/en\/firmensitz-von-quantolux-im-klever-gewerbegebiet\/\" \/>\n<meta property=\"og:locale\" content=\"en_US\" \/>\n<meta property=\"og:type\" content=\"article\" \/>\n<meta property=\"og:title\" content=\"Neuer Firmensitz von QuantoLux im Klever Gewerbegebiet\" \/>\n<meta property=\"og:description\" content=\"Die Firma QuantoLux feierte Richtfest f\u00fcr ihren neuen Firmensitz im Klever Gewerbegebiet an der Van-Houten-Stra\u00dfe.\" \/>\n<meta property=\"og:url\" content=\"https:\/\/www.unibaugewerbebau.de\/en\/firmensitz-von-quantolux-im-klever-gewerbegebiet\/\" \/>\n<meta property=\"og:site_name\" content=\"Unibau Gewerbebau GmbH\" \/>\n<meta property=\"article:published_time\" content=\"2024-08-26T09:59:34+00:00\" \/>\n<meta property=\"article:modified_time\" content=\"2024-09-05T08:28:22+00:00\" \/>\n<meta property=\"og:image\" content=\"https:\/\/www.unibaugewerbebau.de\/wp-content\/uploads\/2024\/08\/QuantoLux-Richtfest-2.jpg\" \/>\n\t<meta property=\"og:image:width\" content=\"800\" \/>\n\t<meta property=\"og:image:height\" content=\"451\" \/>\n\t<meta property=\"og:image:type\" content=\"image\/jpeg\" \/>\n<meta name=\"author\" content=\"Anke Raijmakers - van Horik\" \/>\n<meta name=\"twitter:card\" content=\"summary_large_image\" \/>\n<meta name=\"twitter:label1\" content=\"Written by\" \/>\n\t<meta name=\"twitter:data1\" content=\"Anke Raijmakers - van Horik\" \/>\n\t<meta name=\"twitter:label2\" content=\"Est. reading time\" \/>\n\t<meta name=\"twitter:data2\" content=\"3 minutes\" \/>\n<script type=\"application\/ld+json\" class=\"yoast-schema-graph\">{\"@context\":\"https:\/\/schema.org\",\"@graph\":[{\"@type\":\"WebPage\",\"@id\":\"https:\/\/www.unibaugewerbebau.de\/en\/firmensitz-von-quantolux-im-klever-gewerbegebiet\/\",\"url\":\"https:\/\/www.unibaugewerbebau.de\/en\/firmensitz-von-quantolux-im-klever-gewerbegebiet\/\",\"name\":\"Neuer Firmensitz von QuantoLux im Klever Gewerbegebiet\",\"isPartOf\":{\"@id\":\"https:\/\/www.unibaugewerbebau.de\/en\/#website\"},\"primaryImageOfPage\":{\"@id\":\"https:\/\/www.unibaugewerbebau.de\/en\/firmensitz-von-quantolux-im-klever-gewerbegebiet\/#primaryimage\"},\"image\":{\"@id\":\"https:\/\/www.unibaugewerbebau.de\/en\/firmensitz-von-quantolux-im-klever-gewerbegebiet\/#primaryimage\"},\"thumbnailUrl\":\"https:\/\/www.unibaugewerbebau.de\/wp-content\/uploads\/2024\/08\/QuantoLux-Richtfest-2.jpg\",\"datePublished\":\"2024-08-26T09:59:34+00:00\",\"dateModified\":\"2024-09-05T08:28:22+00:00\",\"author\":{\"@id\":\"https:\/\/www.unibaugewerbebau.de\/en\/#\/schema\/person\/c6b6aea453107dfa012c8f95f02b6409\"},\"description\":\"Die Firma QuantoLux feierte Richtfest f\u00fcr ihren neuen Firmensitz im Klever Gewerbegebiet an der Van-Houten-Stra\u00dfe.\",\"inLanguage\":\"en-US\",\"potentialAction\":[{\"@type\":\"ReadAction\",\"target\":[\"https:\/\/www.unibaugewerbebau.de\/en\/firmensitz-von-quantolux-im-klever-gewerbegebiet\/\"]}]},{\"@type\":\"ImageObject\",\"inLanguage\":\"en-US\",\"@id\":\"https:\/\/www.unibaugewerbebau.de\/en\/firmensitz-von-quantolux-im-klever-gewerbegebiet\/#primaryimage\",\"url\":\"https:\/\/www.unibaugewerbebau.de\/wp-content\/uploads\/2024\/08\/QuantoLux-Richtfest-2.jpg\",\"contentUrl\":\"https:\/\/www.unibaugewerbebau.de\/wp-content\/uploads\/2024\/08\/QuantoLux-Richtfest-2.jpg\",\"width\":800,\"height\":451,\"caption\":\"QuantoLux\"},{\"@type\":\"WebSite\",\"@id\":\"https:\/\/www.unibaugewerbebau.de\/en\/#website\",\"url\":\"https:\/\/www.unibaugewerbebau.de\/en\/\",\"name\":\"Unibau Gewerbebau GmbH\",\"description\":\"\",\"potentialAction\":[{\"@type\":\"SearchAction\",\"target\":{\"@type\":\"EntryPoint\",\"urlTemplate\":\"https:\/\/www.unibaugewerbebau.de\/en\/?s={search_term_string}\"},\"query-input\":{\"@type\":\"PropertyValueSpecification\",\"valueRequired\":true,\"valueName\":\"search_term_string\"}}],\"inLanguage\":\"en-US\"},{\"@type\":\"Person\",\"@id\":\"https:\/\/www.unibaugewerbebau.de\/en\/#\/schema\/person\/c6b6aea453107dfa012c8f95f02b6409\",\"name\":\"Anke Raijmakers - van Horik\",\"url\":\"https:\/\/www.unibaugewerbebau.de\/en\/author\/ankeunibouw-eu\/\"}]}<\/script>\n<!-- \/ Yoast SEO plugin. -->","yoast_head_json":{"title":"Neuer Firmensitz von QuantoLux im Klever Gewerbegebiet","description":"Die Firma QuantoLux feierte Richtfest f\u00fcr ihren neuen Firmensitz im Klever Gewerbegebiet an der Van-Houten-Stra\u00dfe.","robots":{"index":"index","follow":"follow","max-snippet":"max-snippet:-1","max-image-preview":"max-image-preview:large","max-video-preview":"max-video-preview:-1"},"canonical":"https:\/\/www.unibaugewerbebau.de\/en\/firmensitz-von-quantolux-im-klever-gewerbegebiet\/","og_locale":"en_US","og_type":"article","og_title":"Neuer Firmensitz von QuantoLux im Klever Gewerbegebiet","og_description":"Die Firma QuantoLux feierte Richtfest f\u00fcr ihren neuen Firmensitz im Klever Gewerbegebiet an der Van-Houten-Stra\u00dfe.","og_url":"https:\/\/www.unibaugewerbebau.de\/en\/firmensitz-von-quantolux-im-klever-gewerbegebiet\/","og_site_name":"Unibau Gewerbebau GmbH","article_published_time":"2024-08-26T09:59:34+00:00","article_modified_time":"2024-09-05T08:28:22+00:00","og_image":[{"width":800,"height":451,"url":"https:\/\/www.unibaugewerbebau.de\/wp-content\/uploads\/2024\/08\/QuantoLux-Richtfest-2.jpg","type":"image\/jpeg"}],"author":"Anke Raijmakers - van Horik","twitter_card":"summary_large_image","twitter_misc":{"Written by":"Anke Raijmakers - van Horik","Est. reading time":"3 minutes"},"schema":{"@context":"https:\/\/schema.org","@graph":[{"@type":"WebPage","@id":"https:\/\/www.unibaugewerbebau.de\/en\/firmensitz-von-quantolux-im-klever-gewerbegebiet\/","url":"https:\/\/www.unibaugewerbebau.de\/en\/firmensitz-von-quantolux-im-klever-gewerbegebiet\/","name":"Neuer Firmensitz von QuantoLux im Klever Gewerbegebiet","isPartOf":{"@id":"https:\/\/www.unibaugewerbebau.de\/en\/#website"},"primaryImageOfPage":{"@id":"https:\/\/www.unibaugewerbebau.de\/en\/firmensitz-von-quantolux-im-klever-gewerbegebiet\/#primaryimage"},"image":{"@id":"https:\/\/www.unibaugewerbebau.de\/en\/firmensitz-von-quantolux-im-klever-gewerbegebiet\/#primaryimage"},"thumbnailUrl":"https:\/\/www.unibaugewerbebau.de\/wp-content\/uploads\/2024\/08\/QuantoLux-Richtfest-2.jpg","datePublished":"2024-08-26T09:59:34+00:00","dateModified":"2024-09-05T08:28:22+00:00","author":{"@id":"https:\/\/www.unibaugewerbebau.de\/en\/#\/schema\/person\/c6b6aea453107dfa012c8f95f02b6409"},"description":"Die Firma QuantoLux feierte Richtfest f\u00fcr ihren neuen Firmensitz im Klever Gewerbegebiet an der Van-Houten-Stra\u00dfe.","inLanguage":"en-US","potentialAction":[{"@type":"ReadAction","target":["https:\/\/www.unibaugewerbebau.de\/en\/firmensitz-von-quantolux-im-klever-gewerbegebiet\/"]}]},{"@type":"ImageObject","inLanguage":"en-US","@id":"https:\/\/www.unibaugewerbebau.de\/en\/firmensitz-von-quantolux-im-klever-gewerbegebiet\/#primaryimage","url":"https:\/\/www.unibaugewerbebau.de\/wp-content\/uploads\/2024\/08\/QuantoLux-Richtfest-2.jpg","contentUrl":"https:\/\/www.unibaugewerbebau.de\/wp-content\/uploads\/2024\/08\/QuantoLux-Richtfest-2.jpg","width":800,"height":451,"caption":"QuantoLux"},{"@type":"WebSite","@id":"https:\/\/www.unibaugewerbebau.de\/en\/#website","url":"https:\/\/www.unibaugewerbebau.de\/en\/","name":"Unibau Gewerbebau GmbH","description":"","potentialAction":[{"@type":"SearchAction","target":{"@type":"EntryPoint","urlTemplate":"https:\/\/www.unibaugewerbebau.de\/en\/?s={search_term_string}"},"query-input":{"@type":"PropertyValueSpecification","valueRequired":true,"valueName":"search_term_string"}}],"inLanguage":"en-US"},{"@type":"Person","@id":"https:\/\/www.unibaugewerbebau.de\/en\/#\/schema\/person\/c6b6aea453107dfa012c8f95f02b6409","name":"Anke Raijmakers - van Horik","url":"https:\/\/www.unibaugewerbebau.de\/en\/author\/ankeunibouw-eu\/"}]}},"_links":{"self":[{"href":"https:\/\/www.unibaugewerbebau.de\/en\/wp-json\/wp\/v2\/posts\/5692","targetHints":{"allow":["GET"]}}],"collection":[{"href":"https:\/\/www.unibaugewerbebau.de\/en\/wp-json\/wp\/v2\/posts"}],"about":[{"href":"https:\/\/www.unibaugewerbebau.de\/en\/wp-json\/wp\/v2\/types\/post"}],"author":[{"embeddable":true,"href":"https:\/\/www.unibaugewerbebau.de\/en\/wp-json\/wp\/v2\/users\/5"}],"replies":[{"embeddable":true,"href":"https:\/\/www.unibaugewerbebau.de\/en\/wp-json\/wp\/v2\/comments?post=5692"}],"version-history":[{"count":4,"href":"https:\/\/www.unibaugewerbebau.de\/en\/wp-json\/wp\/v2\/posts\/5692\/revisions"}],"predecessor-version":[{"id":6315,"href":"https:\/\/www.unibaugewerbebau.de\/en\/wp-json\/wp\/v2\/posts\/5692\/revisions\/6315"}],"wp:featuredmedia":[{"embeddable":true,"href":"https:\/\/www.unibaugewerbebau.de\/en\/wp-json\/wp\/v2\/media\/5695"}],"wp:attachment":[{"href":"https:\/\/www.unibaugewerbebau.de\/en\/wp-json\/wp\/v2\/media?parent=5692"}],"wp:term":[{"taxonomy":"category","embeddable":true,"href":"https:\/\/www.unibaugewerbebau.de\/en\/wp-json\/wp\/v2\/categories?post=5692"},{"taxonomy":"post_tag","embeddable":true,"href":"https:\/\/www.unibaugewerbebau.de\/en\/wp-json\/wp\/v2\/tags?post=5692"}],"curies":[{"name":"wp","href":"https:\/\/api.w.org\/{rel}","templated":true}]}}