{"id":6254,"date":"2024-08-29T11:25:21","date_gmt":"2024-08-29T09:25:21","guid":{"rendered":"https:\/\/www.unibaugewerbebau.de\/?p=6254"},"modified":"2024-09-05T10:31:11","modified_gmt":"2024-09-05T08:31:11","slug":"faco-imedia-in-koeln","status":"publish","type":"post","link":"https:\/\/www.unibaugewerbebau.de\/en\/faco-imedia-in-koeln\/","title":{"rendered":"Faco iMedia Group in K\u00f6ln"},"content":{"rendered":"\n<h1 class=\"wp-block-heading\">Erfolgreiche \u00dcbergabe des neuen Unternehmenssitzes der Faco iMedia Group: Ein Blick hinter die Kulissen<\/h1>\n\n\n\n<p>Im Jahr 2023 hatten wir von Unibau die Ehre und das Vergn\u00fcgen, den neuen Unternehmenssitz der Faco iMedia Group in K\u00f6ln zu realisieren. Dieses Projekt stellte nicht nur eine besondere Herausforderung dar, sondern bot uns auch die Gelegenheit, unsere umfassende Expertise im Baugewerbe unter Beweis zu stellen. Von der Planung bis zur erfolgreichen \u00dcbergabe war es ein Weg voller spannender Aufgaben, die wir mit Leidenschaft und Engagement gemeistert haben.<\/p>\n\n\n\n<h2 class=\"wp-block-heading\">Das Projekt: Ein moderner Unternehmenssitz f\u00fcr die Faco iMedia Group<\/h2>\n\n\n\n<p>Der neue Firmensitz der Faco iMedia Group in K\u00f6ln vereint moderne Architektur mit funktionaler Raumgestaltung und \u00e4sthetischem Design. Das Geb\u00e4ude besteht aus einer 1.250 Quadratmeter gro\u00dfen Halle, die speziell f\u00fcr die Anforderungen einer hochmodernen Druckerei konzipiert wurde, und 550 Quadratmetern B\u00fcrofl\u00e4che, die sich \u00fcber drei Etagen erstrecken. Diese Kombination aus Produktions- und B\u00fcrofl\u00e4chen erm\u00f6glicht der Faco iMedia Group, ihre Gesch\u00e4ftsprozesse effizient zu gestalten und gleichzeitig ihren Mitarbeitern ein inspirierendes Arbeitsumfeld zu bieten.<\/p>\n\n\n\n<p>Die Konstruktion des Geb\u00e4udes basiert auf einer innovativen Stahlstruktur, die nicht nur au\u00dfergew\u00f6hnlich langlebig ist, sondern auch eine hohe Flexibilit\u00e4t bietet. Diese Bauweise erm\u00f6glichte es uns, die besonderen Anforderungen der Faco iMedia Group zu erf\u00fcllen und gleichzeitig eine zukunftssichere L\u00f6sung zu schaffen, die anpassungsf\u00e4hig und erweiterbar ist.<\/p>\n\n\n\n<h2 class=\"wp-block-heading\">Herausforderungen und L\u00f6sungen: Staubfreie Umgebung und knappe Bauzeit<\/h2>\n\n\n\n<p>Eine der gr\u00f6\u00dften Herausforderungen bei diesem Projekt war die Notwendigkeit, eine nahezu staubfreie Umgebung f\u00fcr die Druckereibetriebe zu schaffen. Die hohe Druckqualit\u00e4t und Effizienz, die die Faco iMedia Group anstrebt, erfordert eine Umgebung, die frei von jeglichen Verunreinigungen ist. Um dieses Ziel zu erreichen, haben wir modernste Luftfiltersysteme und bauliche Ma\u00dfnahmen implementiert, die sicherstellen, dass das Geb\u00e4ude den h\u00f6chsten Standards in der Druckbranche entspricht.<\/p>\n\n\n\n<p>Eine weitere Herausforderung, die wir erfolgreich gemeistert haben, war die \u00e4u\u00dferst knappe Bauzeit. Aufgrund von Verz\u00f6gerungen in den vorherigen Phasen des Projekts standen wir unter starkem Zeitdruck. Die Faco iMedia Group hatte bereits bestehende Verpflichtungen und Kundenvereinbarungen, was bedeutete, dass der Unternehmenssitz termingerecht fertiggestellt werden musste. Dank unserer effizienten Bauprozesse und einer engen Zusammenarbeit mit allen beteiligten Parteien konnten wir den Bau rechtzeitig abschlie\u00dfen, ohne Kompromisse bei der Qualit\u00e4t einzugehen.<\/p>\n\n\n\n<h2 class=\"wp-block-heading\">Design und \u00c4sthetik: Mehr als nur ein funktionales Geb\u00e4ude<\/h2>\n\n\n\n<p>Neben der technischen Perfektion legten wir gro\u00dfen Wert auf das \u00e4sthetische Design des Geb\u00e4udes. Der Unternehmenssitz der Faco iMedia Group sollte nicht nur den h\u00f6chsten Anforderungen an Produktivit\u00e4t und Effizienz gerecht werden, sondern auch ein optisch ansprechendes Umfeld bieten, das die Kreativit\u00e4t und das Wohlbefinden der Mitarbeiter f\u00f6rdert. Die offenen B\u00fcror\u00e4ume, die gro\u00dfz\u00fcgigen Fensterfronten und die Verwendung hochwertiger Materialien tragen dazu bei, eine helle und freundliche Arbeitsatmosph\u00e4re zu schaffen.<\/p>\n\n\n\n<p>Ein besonderes Highlight des Geb\u00e4udes ist die gro\u00dfz\u00fcgige Dachterrasse. Diese bietet den Mitarbeitern der Faco iMedia Group nicht nur einen Ort der Entspannung, sondern auch die M\u00f6glichkeit, in einer inspirierenden Umgebung zusammenzukommen und den Teamgeist zu st\u00e4rken. Im Sommer l\u00e4dt die Dachterrasse zu gemeinsamen Barbecues ein und f\u00f6rdert so die soziale Interaktion innerhalb des Unternehmens.<\/p>\n\n\n\n<h2 class=\"wp-block-heading\">Die Zusammenarbeit mit der Faco iMedia Group<\/h2>\n\n\n\n<p>Die Zusammenarbeit mit der Faco iMedia Group bei der Realisierung ihres neuen Unternehmenssitzes in K\u00f6ln war f\u00fcr uns bei Unibau eine besonders inspirierende Erfahrung. Von Anfang an war die Kommunikation mit den Entscheidungstr\u00e4gern von Offenheit und gegenseitigem Vertrauen gepr\u00e4gt, was ma\u00dfgeblich zum Erfolg des Projekts beigetragen hat. Die Faco iMedia Group zeigte sich stets bereit, innovative Ideen zu unterst\u00fctzen und legte gro\u00dfen Wert darauf, dass sowohl die funktionalen als auch die \u00e4sthetischen Aspekte des Geb\u00e4udes h\u00f6chsten Anspr\u00fcchen gen\u00fcgen.<\/p>\n\n\n\n<h2 class=\"wp-block-heading\">R\u00fcckblick und Ausblick: Ein Projekt, auf das wir stolz sind<\/h2>\n\n\n\n<p>Nach der erfolgreichen Fertigstellung und \u00dcbergabe des neuen Firmensitzes der Faco iMedia Group blicken wir mit Stolz auf das Projekt zur\u00fcck. Es zeigt, wie wichtig es ist, Bauprojekte mit einem ganzheitlichen Ansatz anzugehen, bei dem sowohl technische Perfektion als auch Design und Funktionalit\u00e4t im Vordergrund stehen. Die Herausforderungen, die wir dabei gemeistert haben, haben uns erneut gezeigt, dass es bei Unibau nicht nur um das Bauen von Geb\u00e4uden geht, sondern darum, R\u00e4ume zu schaffen, die den Bed\u00fcrfnissen unserer Kunden in jeder Hinsicht gerecht werden.<\/p>\n\n\n\n<p>Wir danken der Faco iMedia Group f\u00fcr das Vertrauen, das sie in unsere F\u00e4higkeiten gesetzt hat, und f\u00fcr die partnerschaftliche Zusammenarbeit, die dieses Projekt zu einem vollen Erfolg gemacht hat.<\/p>\n\n\n\n<h2 class=\"wp-block-heading\">Ein Erfolgsprojekt mit Weitblick<\/h2>\n\n\n\n<p>Das Projekt in K\u00f6ln hat gezeigt, dass Unibau in der Lage ist, selbst unter anspruchsvollsten Bedingungen Bauprojekte nicht nur erfolgreich abzuschlie\u00dfen, sondern auch auf h\u00f6chstem Niveau zu realisieren. Der neue Firmensitz der Faco iMedia Group ist ein Symbol f\u00fcr Fortschritt, Innovation und partnerschaftliche Zusammenarbeit. <\/p>\n\n\n\n<p>Bei Unibau sind wir bereit, auch in Zukunft mit unseren Kunden neue Wege zu gehen und innovative L\u00f6sungen zu entwickeln, die den Bauprojekten von morgen gerecht werden. Unser Ziel ist es, Geb\u00e4ude zu schaffen, die nicht nur funktional, sondern auch \u00e4sthetisch ansprechend sind und die h\u00f6chsten Qualit\u00e4tsstandards erf\u00fcllen. <a href=\"https:\/\/www.unibaugewerbebau.de\/kontakt\/\">Gemeinsam gestalten wir die Zukunft des Bauens.<\/a><\/p>\n\n\n\n<figure class=\"wp-block-gallery has-nested-images columns-default is-cropped wp-block-gallery-1 is-layout-flex wp-block-gallery-is-layout-flex\">\n<figure class=\"wp-block-image size-large\"><img loading=\"lazy\" decoding=\"async\" width=\"1024\" height=\"576\" data-id=\"6197\" src=\"https:\/\/www.unibaugewerbebau.de\/wp-content\/uploads\/2022\/02\/KFD3209s-1024x576.jpg\" alt=\"\" class=\"wp-image-6197\" srcset=\"https:\/\/www.unibaugewerbebau.de\/wp-content\/uploads\/2022\/02\/KFD3209s-1024x576.jpg 1024w, https:\/\/www.unibaugewerbebau.de\/wp-content\/uploads\/2022\/02\/KFD3209s-300x169.jpg 300w, https:\/\/www.unibaugewerbebau.de\/wp-content\/uploads\/2022\/02\/KFD3209s-768x432.jpg 768w, https:\/\/www.unibaugewerbebau.de\/wp-content\/uploads\/2022\/02\/KFD3209s-1536x864.jpg 1536w, https:\/\/www.unibaugewerbebau.de\/wp-content\/uploads\/2022\/02\/KFD3209s.jpg 1920w\" sizes=\"auto, (max-width: 1024px) 100vw, 1024px\" \/><\/figure>\n\n\n\n<figure class=\"wp-block-image size-large\"><img loading=\"lazy\" decoding=\"async\" width=\"1024\" height=\"576\" data-id=\"6193\" src=\"https:\/\/www.unibaugewerbebau.de\/wp-content\/uploads\/2022\/02\/KFD3018s-1024x576.jpg\" alt=\"\" class=\"wp-image-6193\" srcset=\"https:\/\/www.unibaugewerbebau.de\/wp-content\/uploads\/2022\/02\/KFD3018s-1024x576.jpg 1024w, https:\/\/www.unibaugewerbebau.de\/wp-content\/uploads\/2022\/02\/KFD3018s-300x169.jpg 300w, https:\/\/www.unibaugewerbebau.de\/wp-content\/uploads\/2022\/02\/KFD3018s-768x432.jpg 768w, https:\/\/www.unibaugewerbebau.de\/wp-content\/uploads\/2022\/02\/KFD3018s-1536x864.jpg 1536w, https:\/\/www.unibaugewerbebau.de\/wp-content\/uploads\/2022\/02\/KFD3018s.jpg 1920w\" sizes=\"auto, (max-width: 1024px) 100vw, 1024px\" \/><\/figure>\n\n\n\n<figure class=\"wp-block-image size-large\"><img loading=\"lazy\" decoding=\"async\" width=\"1024\" height=\"576\" data-id=\"6203\" src=\"https:\/\/www.unibaugewerbebau.de\/wp-content\/uploads\/2022\/02\/KFD3239s-1024x576.jpg\" alt=\"\" class=\"wp-image-6203\" srcset=\"https:\/\/www.unibaugewerbebau.de\/wp-content\/uploads\/2022\/02\/KFD3239s-1024x576.jpg 1024w, https:\/\/www.unibaugewerbebau.de\/wp-content\/uploads\/2022\/02\/KFD3239s-300x169.jpg 300w, https:\/\/www.unibaugewerbebau.de\/wp-content\/uploads\/2022\/02\/KFD3239s-768x432.jpg 768w, https:\/\/www.unibaugewerbebau.de\/wp-content\/uploads\/2022\/02\/KFD3239s-1536x864.jpg 1536w, https:\/\/www.unibaugewerbebau.de\/wp-content\/uploads\/2022\/02\/KFD3239s.jpg 1920w\" sizes=\"auto, (max-width: 1024px) 100vw, 1024px\" \/><\/figure>\n\n\n\n<figure class=\"wp-block-image size-large\"><img loading=\"lazy\" decoding=\"async\" width=\"1024\" height=\"576\" data-id=\"6205\" src=\"https:\/\/www.unibaugewerbebau.de\/wp-content\/uploads\/2022\/02\/KFD3246-1024x576.jpg\" alt=\"\" class=\"wp-image-6205\" srcset=\"https:\/\/www.unibaugewerbebau.de\/wp-content\/uploads\/2022\/02\/KFD3246-1024x576.jpg 1024w, https:\/\/www.unibaugewerbebau.de\/wp-content\/uploads\/2022\/02\/KFD3246-300x169.jpg 300w, https:\/\/www.unibaugewerbebau.de\/wp-content\/uploads\/2022\/02\/KFD3246-768x432.jpg 768w, https:\/\/www.unibaugewerbebau.de\/wp-content\/uploads\/2022\/02\/KFD3246-1536x864.jpg 1536w, https:\/\/www.unibaugewerbebau.de\/wp-content\/uploads\/2022\/02\/KFD3246.jpg 1920w\" sizes=\"auto, (max-width: 1024px) 100vw, 1024px\" \/><\/figure>\n\n\n\n<figure class=\"wp-block-image size-large\"><img loading=\"lazy\" decoding=\"async\" width=\"1024\" height=\"576\" data-id=\"6207\" src=\"https:\/\/www.unibaugewerbebau.de\/wp-content\/uploads\/2022\/02\/KFD3259-1024x576.jpg\" alt=\"\" class=\"wp-image-6207\" srcset=\"https:\/\/www.unibaugewerbebau.de\/wp-content\/uploads\/2022\/02\/KFD3259-1024x576.jpg 1024w, https:\/\/www.unibaugewerbebau.de\/wp-content\/uploads\/2022\/02\/KFD3259-300x169.jpg 300w, https:\/\/www.unibaugewerbebau.de\/wp-content\/uploads\/2022\/02\/KFD3259-768x432.jpg 768w, https:\/\/www.unibaugewerbebau.de\/wp-content\/uploads\/2022\/02\/KFD3259-1536x864.jpg 1536w, https:\/\/www.unibaugewerbebau.de\/wp-content\/uploads\/2022\/02\/KFD3259.jpg 1920w\" sizes=\"auto, (max-width: 1024px) 100vw, 1024px\" \/><\/figure>\n\n\n\n<figure class=\"wp-block-image size-large\"><img loading=\"lazy\" decoding=\"async\" width=\"1024\" height=\"576\" data-id=\"6209\" src=\"https:\/\/www.unibaugewerbebau.de\/wp-content\/uploads\/2022\/02\/KFD3264-1024x576.jpg\" alt=\"\" class=\"wp-image-6209\" srcset=\"https:\/\/www.unibaugewerbebau.de\/wp-content\/uploads\/2022\/02\/KFD3264-1024x576.jpg 1024w, https:\/\/www.unibaugewerbebau.de\/wp-content\/uploads\/2022\/02\/KFD3264-300x169.jpg 300w, https:\/\/www.unibaugewerbebau.de\/wp-content\/uploads\/2022\/02\/KFD3264-768x432.jpg 768w, https:\/\/www.unibaugewerbebau.de\/wp-content\/uploads\/2022\/02\/KFD3264-1536x864.jpg 1536w, https:\/\/www.unibaugewerbebau.de\/wp-content\/uploads\/2022\/02\/KFD3264.jpg 1920w\" sizes=\"auto, (max-width: 1024px) 100vw, 1024px\" \/><\/figure>\n\n\n\n<figure class=\"wp-block-image size-large\"><img loading=\"lazy\" decoding=\"async\" width=\"1024\" height=\"576\" data-id=\"6213\" src=\"https:\/\/www.unibaugewerbebau.de\/wp-content\/uploads\/2022\/02\/KFD3275-2-1024x576.jpg\" alt=\"\" class=\"wp-image-6213\" srcset=\"https:\/\/www.unibaugewerbebau.de\/wp-content\/uploads\/2022\/02\/KFD3275-2-1024x576.jpg 1024w, https:\/\/www.unibaugewerbebau.de\/wp-content\/uploads\/2022\/02\/KFD3275-2-300x169.jpg 300w, https:\/\/www.unibaugewerbebau.de\/wp-content\/uploads\/2022\/02\/KFD3275-2-768x432.jpg 768w, https:\/\/www.unibaugewerbebau.de\/wp-content\/uploads\/2022\/02\/KFD3275-2-1536x864.jpg 1536w, https:\/\/www.unibaugewerbebau.de\/wp-content\/uploads\/2022\/02\/KFD3275-2.jpg 1920w\" sizes=\"auto, (max-width: 1024px) 100vw, 1024px\" \/><\/figure>\n\n\n\n<figure class=\"wp-block-image size-large\"><img loading=\"lazy\" decoding=\"async\" width=\"1024\" height=\"576\" data-id=\"6219\" src=\"https:\/\/www.unibaugewerbebau.de\/wp-content\/uploads\/2022\/02\/KFD3278-1024x576.jpg\" alt=\"\" class=\"wp-image-6219\" srcset=\"https:\/\/www.unibaugewerbebau.de\/wp-content\/uploads\/2022\/02\/KFD3278-1024x576.jpg 1024w, https:\/\/www.unibaugewerbebau.de\/wp-content\/uploads\/2022\/02\/KFD3278-300x169.jpg 300w, https:\/\/www.unibaugewerbebau.de\/wp-content\/uploads\/2022\/02\/KFD3278-768x432.jpg 768w, https:\/\/www.unibaugewerbebau.de\/wp-content\/uploads\/2022\/02\/KFD3278-1536x864.jpg 1536w, https:\/\/www.unibaugewerbebau.de\/wp-content\/uploads\/2022\/02\/KFD3278.jpg 1920w\" sizes=\"auto, (max-width: 1024px) 100vw, 1024px\" \/><\/figure>\n\n\n\n<figure class=\"wp-block-image size-large\"><img loading=\"lazy\" decoding=\"async\" width=\"1024\" height=\"576\" data-id=\"6231\" src=\"https:\/\/www.unibaugewerbebau.de\/wp-content\/uploads\/2022\/02\/KFD3293-1024x576.jpg\" alt=\"\" class=\"wp-image-6231\" srcset=\"https:\/\/www.unibaugewerbebau.de\/wp-content\/uploads\/2022\/02\/KFD3293-1024x576.jpg 1024w, https:\/\/www.unibaugewerbebau.de\/wp-content\/uploads\/2022\/02\/KFD3293-300x169.jpg 300w, https:\/\/www.unibaugewerbebau.de\/wp-content\/uploads\/2022\/02\/KFD3293-768x432.jpg 768w, https:\/\/www.unibaugewerbebau.de\/wp-content\/uploads\/2022\/02\/KFD3293-1536x864.jpg 1536w, https:\/\/www.unibaugewerbebau.de\/wp-content\/uploads\/2022\/02\/KFD3293.jpg 1920w\" sizes=\"auto, (max-width: 1024px) 100vw, 1024px\" \/><\/figure>\n\n\n\n<figure class=\"wp-block-image size-large\"><img loading=\"lazy\" decoding=\"async\" width=\"1024\" height=\"576\" data-id=\"6229\" src=\"https:\/\/www.unibaugewerbebau.de\/wp-content\/uploads\/2022\/02\/KFD3288-1024x576.jpg\" alt=\"\" class=\"wp-image-6229\" srcset=\"https:\/\/www.unibaugewerbebau.de\/wp-content\/uploads\/2022\/02\/KFD3288-1024x576.jpg 1024w, https:\/\/www.unibaugewerbebau.de\/wp-content\/uploads\/2022\/02\/KFD3288-300x169.jpg 300w, https:\/\/www.unibaugewerbebau.de\/wp-content\/uploads\/2022\/02\/KFD3288-768x432.jpg 768w, https:\/\/www.unibaugewerbebau.de\/wp-content\/uploads\/2022\/02\/KFD3288-1536x864.jpg 1536w, https:\/\/www.unibaugewerbebau.de\/wp-content\/uploads\/2022\/02\/KFD3288.jpg 1920w\" sizes=\"auto, (max-width: 1024px) 100vw, 1024px\" \/><\/figure>\n\n\n\n<figure class=\"wp-block-image size-large\"><img loading=\"lazy\" decoding=\"async\" width=\"1024\" height=\"597\" data-id=\"6227\" src=\"https:\/\/www.unibaugewerbebau.de\/wp-content\/uploads\/2022\/02\/KFD3283-1024x597.jpg\" alt=\"\" class=\"wp-image-6227\" srcset=\"https:\/\/www.unibaugewerbebau.de\/wp-content\/uploads\/2022\/02\/KFD3283-1024x597.jpg 1024w, https:\/\/www.unibaugewerbebau.de\/wp-content\/uploads\/2022\/02\/KFD3283-300x175.jpg 300w, https:\/\/www.unibaugewerbebau.de\/wp-content\/uploads\/2022\/02\/KFD3283-768x448.jpg 768w, https:\/\/www.unibaugewerbebau.de\/wp-content\/uploads\/2022\/02\/KFD3283-1536x896.jpg 1536w, https:\/\/www.unibaugewerbebau.de\/wp-content\/uploads\/2022\/02\/KFD3283.jpg 1920w\" sizes=\"auto, (max-width: 1024px) 100vw, 1024px\" \/><\/figure>\n\n\n\n<figure class=\"wp-block-image size-large\"><img loading=\"lazy\" decoding=\"async\" width=\"1024\" height=\"576\" data-id=\"6233\" src=\"https:\/\/www.unibaugewerbebau.de\/wp-content\/uploads\/2022\/02\/KFD3300-1024x576.jpg\" alt=\"\" class=\"wp-image-6233\" srcset=\"https:\/\/www.unibaugewerbebau.de\/wp-content\/uploads\/2022\/02\/KFD3300-1024x576.jpg 1024w, https:\/\/www.unibaugewerbebau.de\/wp-content\/uploads\/2022\/02\/KFD3300-300x169.jpg 300w, https:\/\/www.unibaugewerbebau.de\/wp-content\/uploads\/2022\/02\/KFD3300-768x432.jpg 768w, https:\/\/www.unibaugewerbebau.de\/wp-content\/uploads\/2022\/02\/KFD3300-1536x864.jpg 1536w, https:\/\/www.unibaugewerbebau.de\/wp-content\/uploads\/2022\/02\/KFD3300.jpg 1920w\" sizes=\"auto, (max-width: 1024px) 100vw, 1024px\" \/><\/figure>\n<\/figure>\n","protected":false},"excerpt":{"rendered":"<p>Erfolgreiche \u00dcbergabe des neuen Unternehmenssitzes der Faco iMedia Group: Ein Blick hinter die Kulissen Im Jahr 2023 hatten wir von &hellip;<\/p>\n","protected":false},"author":5,"featured_media":6199,"comment_status":"closed","ping_status":"closed","sticky":false,"template":"","format":"standard","meta":{"_acf_changed":false,"footnotes":""},"categories":[3],"tags":[],"class_list":["post-6254","post","type-post","status-publish","format-standard","has-post-thumbnail","hentry","category-unkategorisiert"],"acf":[],"yoast_head":"<!-- This site is optimized with the Yoast SEO plugin v23.5 - https:\/\/yoast.com\/wordpress\/plugins\/seo\/ -->\n<title>Faco iMedia Group: Ein Blick hinter die Kulissen<\/title>\n<meta name=\"description\" content=\"Der neue Firmensitz der Faco iMedia Group in K\u00f6ln vereint moderne Architektur mit funktionaler Raumgestaltung und \u00e4sthetischem Design.\" \/>\n<meta name=\"robots\" content=\"index, follow, max-snippet:-1, max-image-preview:large, max-video-preview:-1\" \/>\n<link rel=\"canonical\" href=\"https:\/\/www.unibaugewerbebau.de\/en\/faco-imedia-in-koeln\/\" \/>\n<meta property=\"og:locale\" content=\"en_US\" \/>\n<meta property=\"og:type\" content=\"article\" \/>\n<meta property=\"og:title\" content=\"Faco iMedia Group: Ein Blick hinter die Kulissen\" \/>\n<meta property=\"og:description\" content=\"Der neue Firmensitz der Faco iMedia Group in K\u00f6ln vereint moderne Architektur mit funktionaler Raumgestaltung und \u00e4sthetischem Design.\" \/>\n<meta property=\"og:url\" content=\"https:\/\/www.unibaugewerbebau.de\/en\/faco-imedia-in-koeln\/\" \/>\n<meta property=\"og:site_name\" content=\"Unibau Gewerbebau GmbH\" \/>\n<meta property=\"article:published_time\" content=\"2024-08-29T09:25:21+00:00\" \/>\n<meta property=\"article:modified_time\" content=\"2024-09-05T08:31:11+00:00\" \/>\n<meta property=\"og:image\" content=\"https:\/\/www.unibaugewerbebau.de\/wp-content\/uploads\/2022\/02\/KFD3227s.jpg\" \/>\n\t<meta property=\"og:image:width\" content=\"1920\" \/>\n\t<meta property=\"og:image:height\" content=\"1080\" \/>\n\t<meta property=\"og:image:type\" content=\"image\/jpeg\" \/>\n<meta name=\"author\" content=\"Anke Raijmakers - van Horik\" \/>\n<meta name=\"twitter:card\" content=\"summary_large_image\" \/>\n<meta name=\"twitter:label1\" content=\"Written by\" \/>\n\t<meta name=\"twitter:data1\" content=\"Anke Raijmakers - van Horik\" \/>\n\t<meta name=\"twitter:label2\" content=\"Est. reading time\" \/>\n\t<meta name=\"twitter:data2\" content=\"4 minutes\" \/>\n<script type=\"application\/ld+json\" class=\"yoast-schema-graph\">{\"@context\":\"https:\/\/schema.org\",\"@graph\":[{\"@type\":\"WebPage\",\"@id\":\"https:\/\/www.unibaugewerbebau.de\/en\/faco-imedia-in-koeln\/\",\"url\":\"https:\/\/www.unibaugewerbebau.de\/en\/faco-imedia-in-koeln\/\",\"name\":\"Faco iMedia Group: Ein Blick hinter die Kulissen\",\"isPartOf\":{\"@id\":\"https:\/\/www.unibaugewerbebau.de\/en\/#website\"},\"primaryImageOfPage\":{\"@id\":\"https:\/\/www.unibaugewerbebau.de\/en\/faco-imedia-in-koeln\/#primaryimage\"},\"image\":{\"@id\":\"https:\/\/www.unibaugewerbebau.de\/en\/faco-imedia-in-koeln\/#primaryimage\"},\"thumbnailUrl\":\"https:\/\/www.unibaugewerbebau.de\/wp-content\/uploads\/2022\/02\/KFD3227s.jpg\",\"datePublished\":\"2024-08-29T09:25:21+00:00\",\"dateModified\":\"2024-09-05T08:31:11+00:00\",\"author\":{\"@id\":\"https:\/\/www.unibaugewerbebau.de\/en\/#\/schema\/person\/c6b6aea453107dfa012c8f95f02b6409\"},\"description\":\"Der neue Firmensitz der Faco iMedia Group in K\u00f6ln vereint moderne Architektur mit funktionaler Raumgestaltung und \u00e4sthetischem Design.\",\"inLanguage\":\"en-US\",\"potentialAction\":[{\"@type\":\"ReadAction\",\"target\":[\"https:\/\/www.unibaugewerbebau.de\/en\/faco-imedia-in-koeln\/\"]}]},{\"@type\":\"ImageObject\",\"inLanguage\":\"en-US\",\"@id\":\"https:\/\/www.unibaugewerbebau.de\/en\/faco-imedia-in-koeln\/#primaryimage\",\"url\":\"https:\/\/www.unibaugewerbebau.de\/wp-content\/uploads\/2022\/02\/KFD3227s.jpg\",\"contentUrl\":\"https:\/\/www.unibaugewerbebau.de\/wp-content\/uploads\/2022\/02\/KFD3227s.jpg\",\"width\":1920,\"height\":1080,\"caption\":\"Faco iMedia\"},{\"@type\":\"WebSite\",\"@id\":\"https:\/\/www.unibaugewerbebau.de\/en\/#website\",\"url\":\"https:\/\/www.unibaugewerbebau.de\/en\/\",\"name\":\"Unibau Gewerbebau GmbH\",\"description\":\"\",\"potentialAction\":[{\"@type\":\"SearchAction\",\"target\":{\"@type\":\"EntryPoint\",\"urlTemplate\":\"https:\/\/www.unibaugewerbebau.de\/en\/?s={search_term_string}\"},\"query-input\":{\"@type\":\"PropertyValueSpecification\",\"valueRequired\":true,\"valueName\":\"search_term_string\"}}],\"inLanguage\":\"en-US\"},{\"@type\":\"Person\",\"@id\":\"https:\/\/www.unibaugewerbebau.de\/en\/#\/schema\/person\/c6b6aea453107dfa012c8f95f02b6409\",\"name\":\"Anke Raijmakers - van Horik\",\"url\":\"https:\/\/www.unibaugewerbebau.de\/en\/author\/ankeunibouw-eu\/\"}]}<\/script>\n<!-- \/ Yoast SEO plugin. -->","yoast_head_json":{"title":"Faco iMedia Group: Ein Blick hinter die Kulissen","description":"Der neue Firmensitz der Faco iMedia Group in K\u00f6ln vereint moderne Architektur mit funktionaler Raumgestaltung und \u00e4sthetischem Design.","robots":{"index":"index","follow":"follow","max-snippet":"max-snippet:-1","max-image-preview":"max-image-preview:large","max-video-preview":"max-video-preview:-1"},"canonical":"https:\/\/www.unibaugewerbebau.de\/en\/faco-imedia-in-koeln\/","og_locale":"en_US","og_type":"article","og_title":"Faco iMedia Group: Ein Blick hinter die Kulissen","og_description":"Der neue Firmensitz der Faco iMedia Group in K\u00f6ln vereint moderne Architektur mit funktionaler Raumgestaltung und \u00e4sthetischem Design.","og_url":"https:\/\/www.unibaugewerbebau.de\/en\/faco-imedia-in-koeln\/","og_site_name":"Unibau Gewerbebau GmbH","article_published_time":"2024-08-29T09:25:21+00:00","article_modified_time":"2024-09-05T08:31:11+00:00","og_image":[{"width":1920,"height":1080,"url":"https:\/\/www.unibaugewerbebau.de\/wp-content\/uploads\/2022\/02\/KFD3227s.jpg","type":"image\/jpeg"}],"author":"Anke Raijmakers - van Horik","twitter_card":"summary_large_image","twitter_misc":{"Written by":"Anke Raijmakers - van Horik","Est. reading time":"4 minutes"},"schema":{"@context":"https:\/\/schema.org","@graph":[{"@type":"WebPage","@id":"https:\/\/www.unibaugewerbebau.de\/en\/faco-imedia-in-koeln\/","url":"https:\/\/www.unibaugewerbebau.de\/en\/faco-imedia-in-koeln\/","name":"Faco iMedia Group: Ein Blick hinter die Kulissen","isPartOf":{"@id":"https:\/\/www.unibaugewerbebau.de\/en\/#website"},"primaryImageOfPage":{"@id":"https:\/\/www.unibaugewerbebau.de\/en\/faco-imedia-in-koeln\/#primaryimage"},"image":{"@id":"https:\/\/www.unibaugewerbebau.de\/en\/faco-imedia-in-koeln\/#primaryimage"},"thumbnailUrl":"https:\/\/www.unibaugewerbebau.de\/wp-content\/uploads\/2022\/02\/KFD3227s.jpg","datePublished":"2024-08-29T09:25:21+00:00","dateModified":"2024-09-05T08:31:11+00:00","author":{"@id":"https:\/\/www.unibaugewerbebau.de\/en\/#\/schema\/person\/c6b6aea453107dfa012c8f95f02b6409"},"description":"Der neue Firmensitz der Faco iMedia Group in K\u00f6ln vereint moderne Architektur mit funktionaler Raumgestaltung und \u00e4sthetischem Design.","inLanguage":"en-US","potentialAction":[{"@type":"ReadAction","target":["https:\/\/www.unibaugewerbebau.de\/en\/faco-imedia-in-koeln\/"]}]},{"@type":"ImageObject","inLanguage":"en-US","@id":"https:\/\/www.unibaugewerbebau.de\/en\/faco-imedia-in-koeln\/#primaryimage","url":"https:\/\/www.unibaugewerbebau.de\/wp-content\/uploads\/2022\/02\/KFD3227s.jpg","contentUrl":"https:\/\/www.unibaugewerbebau.de\/wp-content\/uploads\/2022\/02\/KFD3227s.jpg","width":1920,"height":1080,"caption":"Faco iMedia"},{"@type":"WebSite","@id":"https:\/\/www.unibaugewerbebau.de\/en\/#website","url":"https:\/\/www.unibaugewerbebau.de\/en\/","name":"Unibau Gewerbebau GmbH","description":"","potentialAction":[{"@type":"SearchAction","target":{"@type":"EntryPoint","urlTemplate":"https:\/\/www.unibaugewerbebau.de\/en\/?s={search_term_string}"},"query-input":{"@type":"PropertyValueSpecification","valueRequired":true,"valueName":"search_term_string"}}],"inLanguage":"en-US"},{"@type":"Person","@id":"https:\/\/www.unibaugewerbebau.de\/en\/#\/schema\/person\/c6b6aea453107dfa012c8f95f02b6409","name":"Anke Raijmakers - van Horik","url":"https:\/\/www.unibaugewerbebau.de\/en\/author\/ankeunibouw-eu\/"}]}},"_links":{"self":[{"href":"https:\/\/www.unibaugewerbebau.de\/en\/wp-json\/wp\/v2\/posts\/6254","targetHints":{"allow":["GET"]}}],"collection":[{"href":"https:\/\/www.unibaugewerbebau.de\/en\/wp-json\/wp\/v2\/posts"}],"about":[{"href":"https:\/\/www.unibaugewerbebau.de\/en\/wp-json\/wp\/v2\/types\/post"}],"author":[{"embeddable":true,"href":"https:\/\/www.unibaugewerbebau.de\/en\/wp-json\/wp\/v2\/users\/5"}],"replies":[{"embeddable":true,"href":"https:\/\/www.unibaugewerbebau.de\/en\/wp-json\/wp\/v2\/comments?post=6254"}],"version-history":[{"count":4,"href":"https:\/\/www.unibaugewerbebau.de\/en\/wp-json\/wp\/v2\/posts\/6254\/revisions"}],"predecessor-version":[{"id":6321,"href":"https:\/\/www.unibaugewerbebau.de\/en\/wp-json\/wp\/v2\/posts\/6254\/revisions\/6321"}],"wp:featuredmedia":[{"embeddable":true,"href":"https:\/\/www.unibaugewerbebau.de\/en\/wp-json\/wp\/v2\/media\/6199"}],"wp:attachment":[{"href":"https:\/\/www.unibaugewerbebau.de\/en\/wp-json\/wp\/v2\/media?parent=6254"}],"wp:term":[{"taxonomy":"category","embeddable":true,"href":"https:\/\/www.unibaugewerbebau.de\/en\/wp-json\/wp\/v2\/categories?post=6254"},{"taxonomy":"post_tag","embeddable":true,"href":"https:\/\/www.unibaugewerbebau.de\/en\/wp-json\/wp\/v2\/tags?post=6254"}],"curies":[{"name":"wp","href":"https:\/\/api.w.org\/{rel}","templated":true}]}}