{"id":6451,"date":"2024-12-09T09:08:26","date_gmt":"2024-12-09T08:08:26","guid":{"rendered":"https:\/\/www.unibaugewerbebau.de\/?p=6451"},"modified":"2024-12-09T09:08:28","modified_gmt":"2024-12-09T08:08:28","slug":"buildinx-ein-interview-mit-max-ludwig","status":"publish","type":"post","link":"https:\/\/www.unibaugewerbebau.de\/en\/buildinx-ein-interview-mit-max-ludwig\/","title":{"rendered":"Buildinx: Ein Interview mit Max Ludwig"},"content":{"rendered":"\n<h1 class=\"wp-block-heading\">Buildinx: Ein Interview mit Max Ludwig \u00fcber die Zukunft der regionalen Fachmessen<\/h1>\n\n\n\n<p>Die <strong><a href=\"https:\/\/www.buildinx.de\">Buildinx<\/a><\/strong> ist eine neue Messe, die regionale Akteur*innen der Bau- und Logistikbranche in den Fokus r\u00fcckt. Wir haben mit <strong><a href=\"https:\/\/www.unibaugewerbebau.de\/ueber-unibau\/das-team\/\">Max Ludwig<\/a><\/strong>, Account Manager von Unibau Gewerbebau, \u00fcber seine Eindr\u00fccke von der Buildinx und die Bedeutung solcher Veranstaltungen gesprochen. Er teilte spannende Erkenntnisse und Perspektiven, die die Buildinx zu einem wichtigen Treffpunkt f\u00fcr die Branche machen.<\/p>\n\n\n\n<h2 class=\"wp-block-heading\"><strong>Die allgemeine Atmosph\u00e4re auf der Buildinx<\/strong><\/h2>\n\n\n\n<p><strong>Wie war die allgemeine Atmosph\u00e4re auf der Messe?<\/strong><\/p>\n\n\n\n<p><em>Max Ludwig:<\/em><br>\u201eDie Atmosph\u00e4re auf der Buildinx war durchgehend angenehm und von einer positiven Grundstimmung gepr\u00e4gt. Der Besucherandrang war \u00fcberraschend hoch, und die Organisation verlief reibungslos. Obwohl die Standdesigns der Aussteller nicht besonders innovativ waren, war die Messe dennoch eine hervorragende Plattform f\u00fcr den Austausch. Die klare Struktur und die gute Organisation haben dazu beigetragen, dass sich die Teilnehmer*innen auf das Wesentliche konzentrieren konnten \u2013 Gespr\u00e4che, Kontakte und innovative Ideen.\u201c<\/p>\n\n\n\n<p>Die Buildinx hat sich als eine gut durchdachte Fachmesse pr\u00e4sentiert, die die Bed\u00fcrfnisse von Ausstellern und Besucher<em>innen gleicherma\u00dfen erf\u00fcllt. Die unkomplizierte Organisation und das zug\u00e4ngliche Konzept haben dazu beigetragen, dass sich die Teilnehmer<\/em>innen voll und ganz auf die Inhalte der Messe konzentrieren konnten.<\/p>\n\n\n\n<h2 class=\"wp-block-heading\"><strong>Zielgruppen auf der Buildinx<\/strong><\/h2>\n\n\n\n<p><strong>Welche Zielgruppen waren vertreten, und hat das Publikum zu deinen Erwartungen gepasst?<\/strong><\/p>\n\n\n\n<p><em>Max Ludwig:<\/em><br>\u201eDie Zielgruppen auf der Buildinx haben unsere Erwartungen sogar \u00fcbertroffen. Es waren viele Entscheidungstr\u00e4ger<em>innen vor Ort, insbesondere aus dem Bereich der Investor<\/em>innen. Nutzer*innen von Logistik- und Industriegeb\u00e4uden waren hingegen weniger vertreten, was aber auch nicht zu erwarten war. Trotzdem war die Qualit\u00e4t der Gespr\u00e4che sehr hoch, und die Buildinx hat sich als eine Plattform f\u00fcr strategische Kontakte bew\u00e4hrt.\u201c<\/p>\n\n\n\n<p>Die Buildinx schafft es, relevante Zielgruppen zusammenzubringen, und fokussiert sich dabei vor allem auf Investor<em>innen und Entwickler<\/em>innen. Diese Spezialisierung macht die Messe zu einem wertvollen Treffpunkt f\u00fcr Branchenakteur*innen, die auf der Suche nach neuen M\u00f6glichkeiten und Partnerschaften sind.<\/p>\n\n\n\n<h2 class=\"wp-block-heading\"><strong>Innovative St\u00e4nde und Produkte auf der Buildinx<\/strong><\/h2>\n\n\n\n<p><strong>Welche St\u00e4nde oder Produkte sind dir besonders aufgefallen, und warum?<\/strong><\/p>\n\n\n\n<p><em>Max Ludwig:<\/em><br>\u201eBesonders beeindruckt haben mich die St\u00e4nde im Bereich der Geb\u00e4udeinstallationen, speziell zu den Themen Licht und W\u00e4rme. Hier gab es spannende Aussteller, die gezeigt haben, wie Geb\u00e4ude nachhaltiger gestaltet werden k\u00f6nnen. Ein herausragendes Beispiel war ein intelligentes Lastmanagementsystem, das nicht nur Energie effizient verteilt, sondern auch an der B\u00f6rse Strom handeln kann. Diese Innovationen zeigen, welche M\u00f6glichkeiten bereits heute verf\u00fcgbar sind, um die Nachhaltigkeit in der Bau- und Logistikbranche zu steigern.\u201c<\/p>\n\n\n\n<p>Die Buildinx hat sich als Plattform f\u00fcr wegweisende Technologien etabliert. Insbesondere im Bereich nachhaltiger Geb\u00e4udeinstallationen wurde deutlich, wie technologische Innovationen die Branche revolutionieren k\u00f6nnen. Solche Produkte sind nicht nur inspirierend, sondern auch ein Hinweis darauf, wie die Bauwirtschaft in Zukunft arbeiten wird.<\/p>\n\n\n\n<h2 class=\"wp-block-heading\"><strong>Erkenntnisse f\u00fcr zuk\u00fcnftige Veranstaltungen<\/strong><\/h2>\n\n\n\n<p><strong>Was hast du aus dieser Messe f\u00fcr zuk\u00fcnftige Veranstaltungen mitgenommen?<\/strong><\/p>\n\n\n\n<p><em>Max Ludwig:<\/em><br>\u201eDie Buildinx hat uns gezeigt, wie wichtig kleinere, regionale Veranstaltungen sind. Sie bieten die M\u00f6glichkeit, bekannte Gesichter regelm\u00e4\u00dfig zu treffen und gleichzeitig neue Kontakte zu kn\u00fcpfen. Diese Art von Fachmessen schafft eine pers\u00f6nliche Atmosph\u00e4re, die gro\u00dfe Messen oft nicht erreichen k\u00f6nnen. F\u00fcr die Zukunft haben wir erkannt, dass der Fokus auf regionale Netzwerke entscheidend ist, um langfristige Beziehungen aufzubauen.\u201c<\/p>\n\n\n\n<p>Die Buildinx zeigt eindrucksvoll, wie wichtig regionale Fachmessen f\u00fcr die Bau- und Logistikbranche sind. Sie schaffen nicht nur Raum f\u00fcr fachlichen Austausch, sondern st\u00e4rken auch lokale Netzwerke und f\u00f6rdern den Kontakt zu Entscheidungstr\u00e4ger*innen.<\/p>\n\n\n\n<h2 class=\"wp-block-heading\"><strong>Die Buildinx als Zukunftsplattform<\/strong><\/h2>\n\n\n\n<p>Die <strong>Buildinx<\/strong> in Dortmund hat bewiesen, dass kleinere Fachmessen ein enormes Potenzial haben. Mit ihrer klaren Ausrichtung und der Konzentration auf relevante Zielgruppen schafft sie eine Plattform, die nicht nur informiert, sondern auch inspiriert. F\u00fcr <strong><a href=\"https:\/\/www.unibaugewerbebau.de\">Unibau Gewerbebau<\/a><\/strong> war die Teilnahme ein voller Erfolg, und die gewonnenen Erkenntnisse werden uns helfen, unsere zuk\u00fcnftigen Messeauftritte weiter zu optimieren.<\/p>\n\n\n\n<p>Mit Veranstaltungen wie der Buildinx wird deutlich, wie wichtig der regionale Austausch f\u00fcr die Branche ist. Sie bietet Raum f\u00fcr innovative Ideen, wichtige Kontakte und strategische Gespr\u00e4che \u2013 und damit eine unverzichtbare Grundlage, um die Zukunft der Bau- und Logistikbranche aktiv mitzugestalten. Wir freuen uns schon jetzt auf die n\u00e4chste Buildinx und darauf, diese wertvolle Plattform erneut zu nutzen, um unsere Visionen zu teilen und gemeinsam mit anderen Akteur*innen die Branche voranzubringen.<\/p>\n","protected":false},"excerpt":{"rendered":"<p>Buildinx: Ein Interview mit Max Ludwig \u00fcber die Zukunft der regionalen Fachmessen Die Buildinx ist eine neue Messe, die regionale &hellip;<\/p>\n","protected":false},"author":5,"featured_media":6452,"comment_status":"closed","ping_status":"closed","sticky":false,"template":"","format":"standard","meta":{"_acf_changed":false,"footnotes":""},"categories":[3],"tags":[],"class_list":["post-6451","post","type-post","status-publish","format-standard","has-post-thumbnail","hentry","category-unkategorisiert"],"acf":[],"yoast_head":"<!-- This site is optimized with the Yoast SEO plugin v23.5 - https:\/\/yoast.com\/wordpress\/plugins\/seo\/ -->\n<title>Buildinx: Ein Interview mit Max Ludwig \u00fcber die Fachmessen<\/title>\n<meta name=\"description\" content=\"Die Buildinx ist eine neue Messe, die regionale Akteur*innen der Bau- und Logistikbranche in den Fokus r\u00fcckt.\" \/>\n<meta name=\"robots\" content=\"index, follow, max-snippet:-1, max-image-preview:large, max-video-preview:-1\" \/>\n<link rel=\"canonical\" href=\"https:\/\/www.unibaugewerbebau.de\/en\/buildinx-ein-interview-mit-max-ludwig\/\" \/>\n<meta property=\"og:locale\" content=\"en_US\" \/>\n<meta property=\"og:type\" content=\"article\" \/>\n<meta property=\"og:title\" content=\"Buildinx: Ein Interview mit Max Ludwig \u00fcber die Fachmessen\" \/>\n<meta property=\"og:description\" content=\"Die Buildinx ist eine neue Messe, die regionale Akteur*innen der Bau- und Logistikbranche in den Fokus r\u00fcckt.\" \/>\n<meta property=\"og:url\" content=\"https:\/\/www.unibaugewerbebau.de\/en\/buildinx-ein-interview-mit-max-ludwig\/\" \/>\n<meta property=\"og:site_name\" content=\"Unibau Gewerbebau GmbH\" \/>\n<meta property=\"article:published_time\" content=\"2024-12-09T08:08:26+00:00\" \/>\n<meta property=\"article:modified_time\" content=\"2024-12-09T08:08:28+00:00\" \/>\n<meta property=\"og:image\" content=\"https:\/\/www.unibaugewerbebau.de\/wp-content\/uploads\/2024\/12\/sdjffas.png\" \/>\n\t<meta property=\"og:image:width\" content=\"1280\" \/>\n\t<meta property=\"og:image:height\" content=\"720\" \/>\n\t<meta property=\"og:image:type\" content=\"image\/png\" \/>\n<meta name=\"author\" content=\"Anke Raijmakers - van Horik\" \/>\n<meta name=\"twitter:card\" content=\"summary_large_image\" \/>\n<meta name=\"twitter:label1\" content=\"Written by\" \/>\n\t<meta name=\"twitter:data1\" content=\"Anke Raijmakers - van Horik\" \/>\n\t<meta name=\"twitter:label2\" content=\"Est. reading time\" \/>\n\t<meta name=\"twitter:data2\" content=\"4 minutes\" \/>\n<script type=\"application\/ld+json\" class=\"yoast-schema-graph\">{\"@context\":\"https:\/\/schema.org\",\"@graph\":[{\"@type\":\"WebPage\",\"@id\":\"https:\/\/www.unibaugewerbebau.de\/en\/buildinx-ein-interview-mit-max-ludwig\/\",\"url\":\"https:\/\/www.unibaugewerbebau.de\/en\/buildinx-ein-interview-mit-max-ludwig\/\",\"name\":\"Buildinx: Ein Interview mit Max Ludwig \u00fcber die Fachmessen\",\"isPartOf\":{\"@id\":\"https:\/\/www.unibaugewerbebau.de\/en\/#website\"},\"primaryImageOfPage\":{\"@id\":\"https:\/\/www.unibaugewerbebau.de\/en\/buildinx-ein-interview-mit-max-ludwig\/#primaryimage\"},\"image\":{\"@id\":\"https:\/\/www.unibaugewerbebau.de\/en\/buildinx-ein-interview-mit-max-ludwig\/#primaryimage\"},\"thumbnailUrl\":\"https:\/\/www.unibaugewerbebau.de\/wp-content\/uploads\/2024\/12\/sdjffas.png\",\"datePublished\":\"2024-12-09T08:08:26+00:00\",\"dateModified\":\"2024-12-09T08:08:28+00:00\",\"author\":{\"@id\":\"https:\/\/www.unibaugewerbebau.de\/en\/#\/schema\/person\/c6b6aea453107dfa012c8f95f02b6409\"},\"description\":\"Die Buildinx ist eine neue Messe, die regionale Akteur*innen der Bau- und Logistikbranche in den Fokus r\u00fcckt.\",\"inLanguage\":\"en-US\",\"potentialAction\":[{\"@type\":\"ReadAction\",\"target\":[\"https:\/\/www.unibaugewerbebau.de\/en\/buildinx-ein-interview-mit-max-ludwig\/\"]}]},{\"@type\":\"ImageObject\",\"inLanguage\":\"en-US\",\"@id\":\"https:\/\/www.unibaugewerbebau.de\/en\/buildinx-ein-interview-mit-max-ludwig\/#primaryimage\",\"url\":\"https:\/\/www.unibaugewerbebau.de\/wp-content\/uploads\/2024\/12\/sdjffas.png\",\"contentUrl\":\"https:\/\/www.unibaugewerbebau.de\/wp-content\/uploads\/2024\/12\/sdjffas.png\",\"width\":1280,\"height\":720,\"caption\":\"Buildnix\"},{\"@type\":\"WebSite\",\"@id\":\"https:\/\/www.unibaugewerbebau.de\/en\/#website\",\"url\":\"https:\/\/www.unibaugewerbebau.de\/en\/\",\"name\":\"Unibau Gewerbebau GmbH\",\"description\":\"\",\"potentialAction\":[{\"@type\":\"SearchAction\",\"target\":{\"@type\":\"EntryPoint\",\"urlTemplate\":\"https:\/\/www.unibaugewerbebau.de\/en\/?s={search_term_string}\"},\"query-input\":{\"@type\":\"PropertyValueSpecification\",\"valueRequired\":true,\"valueName\":\"search_term_string\"}}],\"inLanguage\":\"en-US\"},{\"@type\":\"Person\",\"@id\":\"https:\/\/www.unibaugewerbebau.de\/en\/#\/schema\/person\/c6b6aea453107dfa012c8f95f02b6409\",\"name\":\"Anke Raijmakers - van Horik\",\"url\":\"https:\/\/www.unibaugewerbebau.de\/en\/author\/ankeunibouw-eu\/\"}]}<\/script>\n<!-- \/ Yoast SEO plugin. -->","yoast_head_json":{"title":"Buildinx: Ein Interview mit Max Ludwig \u00fcber die Fachmessen","description":"Die Buildinx ist eine neue Messe, die regionale Akteur*innen der Bau- und Logistikbranche in den Fokus r\u00fcckt.","robots":{"index":"index","follow":"follow","max-snippet":"max-snippet:-1","max-image-preview":"max-image-preview:large","max-video-preview":"max-video-preview:-1"},"canonical":"https:\/\/www.unibaugewerbebau.de\/en\/buildinx-ein-interview-mit-max-ludwig\/","og_locale":"en_US","og_type":"article","og_title":"Buildinx: Ein Interview mit Max Ludwig \u00fcber die Fachmessen","og_description":"Die Buildinx ist eine neue Messe, die regionale Akteur*innen der Bau- und Logistikbranche in den Fokus r\u00fcckt.","og_url":"https:\/\/www.unibaugewerbebau.de\/en\/buildinx-ein-interview-mit-max-ludwig\/","og_site_name":"Unibau Gewerbebau GmbH","article_published_time":"2024-12-09T08:08:26+00:00","article_modified_time":"2024-12-09T08:08:28+00:00","og_image":[{"width":1280,"height":720,"url":"https:\/\/www.unibaugewerbebau.de\/wp-content\/uploads\/2024\/12\/sdjffas.png","type":"image\/png"}],"author":"Anke Raijmakers - van Horik","twitter_card":"summary_large_image","twitter_misc":{"Written by":"Anke Raijmakers - van Horik","Est. reading time":"4 minutes"},"schema":{"@context":"https:\/\/schema.org","@graph":[{"@type":"WebPage","@id":"https:\/\/www.unibaugewerbebau.de\/en\/buildinx-ein-interview-mit-max-ludwig\/","url":"https:\/\/www.unibaugewerbebau.de\/en\/buildinx-ein-interview-mit-max-ludwig\/","name":"Buildinx: Ein Interview mit Max Ludwig \u00fcber die Fachmessen","isPartOf":{"@id":"https:\/\/www.unibaugewerbebau.de\/en\/#website"},"primaryImageOfPage":{"@id":"https:\/\/www.unibaugewerbebau.de\/en\/buildinx-ein-interview-mit-max-ludwig\/#primaryimage"},"image":{"@id":"https:\/\/www.unibaugewerbebau.de\/en\/buildinx-ein-interview-mit-max-ludwig\/#primaryimage"},"thumbnailUrl":"https:\/\/www.unibaugewerbebau.de\/wp-content\/uploads\/2024\/12\/sdjffas.png","datePublished":"2024-12-09T08:08:26+00:00","dateModified":"2024-12-09T08:08:28+00:00","author":{"@id":"https:\/\/www.unibaugewerbebau.de\/en\/#\/schema\/person\/c6b6aea453107dfa012c8f95f02b6409"},"description":"Die Buildinx ist eine neue Messe, die regionale Akteur*innen der Bau- und Logistikbranche in den Fokus r\u00fcckt.","inLanguage":"en-US","potentialAction":[{"@type":"ReadAction","target":["https:\/\/www.unibaugewerbebau.de\/en\/buildinx-ein-interview-mit-max-ludwig\/"]}]},{"@type":"ImageObject","inLanguage":"en-US","@id":"https:\/\/www.unibaugewerbebau.de\/en\/buildinx-ein-interview-mit-max-ludwig\/#primaryimage","url":"https:\/\/www.unibaugewerbebau.de\/wp-content\/uploads\/2024\/12\/sdjffas.png","contentUrl":"https:\/\/www.unibaugewerbebau.de\/wp-content\/uploads\/2024\/12\/sdjffas.png","width":1280,"height":720,"caption":"Buildnix"},{"@type":"WebSite","@id":"https:\/\/www.unibaugewerbebau.de\/en\/#website","url":"https:\/\/www.unibaugewerbebau.de\/en\/","name":"Unibau Gewerbebau GmbH","description":"","potentialAction":[{"@type":"SearchAction","target":{"@type":"EntryPoint","urlTemplate":"https:\/\/www.unibaugewerbebau.de\/en\/?s={search_term_string}"},"query-input":{"@type":"PropertyValueSpecification","valueRequired":true,"valueName":"search_term_string"}}],"inLanguage":"en-US"},{"@type":"Person","@id":"https:\/\/www.unibaugewerbebau.de\/en\/#\/schema\/person\/c6b6aea453107dfa012c8f95f02b6409","name":"Anke Raijmakers - van Horik","url":"https:\/\/www.unibaugewerbebau.de\/en\/author\/ankeunibouw-eu\/"}]}},"_links":{"self":[{"href":"https:\/\/www.unibaugewerbebau.de\/en\/wp-json\/wp\/v2\/posts\/6451","targetHints":{"allow":["GET"]}}],"collection":[{"href":"https:\/\/www.unibaugewerbebau.de\/en\/wp-json\/wp\/v2\/posts"}],"about":[{"href":"https:\/\/www.unibaugewerbebau.de\/en\/wp-json\/wp\/v2\/types\/post"}],"author":[{"embeddable":true,"href":"https:\/\/www.unibaugewerbebau.de\/en\/wp-json\/wp\/v2\/users\/5"}],"replies":[{"embeddable":true,"href":"https:\/\/www.unibaugewerbebau.de\/en\/wp-json\/wp\/v2\/comments?post=6451"}],"version-history":[{"count":1,"href":"https:\/\/www.unibaugewerbebau.de\/en\/wp-json\/wp\/v2\/posts\/6451\/revisions"}],"predecessor-version":[{"id":6454,"href":"https:\/\/www.unibaugewerbebau.de\/en\/wp-json\/wp\/v2\/posts\/6451\/revisions\/6454"}],"wp:featuredmedia":[{"embeddable":true,"href":"https:\/\/www.unibaugewerbebau.de\/en\/wp-json\/wp\/v2\/media\/6452"}],"wp:attachment":[{"href":"https:\/\/www.unibaugewerbebau.de\/en\/wp-json\/wp\/v2\/media?parent=6451"}],"wp:term":[{"taxonomy":"category","embeddable":true,"href":"https:\/\/www.unibaugewerbebau.de\/en\/wp-json\/wp\/v2\/categories?post=6451"},{"taxonomy":"post_tag","embeddable":true,"href":"https:\/\/www.unibaugewerbebau.de\/en\/wp-json\/wp\/v2\/tags?post=6451"}],"curies":[{"name":"wp","href":"https:\/\/api.w.org\/{rel}","templated":true}]}}