{"id":6507,"date":"2025-01-10T16:03:35","date_gmt":"2025-01-10T15:03:35","guid":{"rendered":"https:\/\/www.unibaugewerbebau.de\/?p=6507"},"modified":"2025-01-10T16:03:37","modified_gmt":"2025-01-10T15:03:37","slug":"max-ludwig","status":"publish","type":"post","link":"https:\/\/www.unibaugewerbebau.de\/en\/max-ludwig\/","title":{"rendered":"Buildinx: Ein Interview mit Max Ludwig Teil 2"},"content":{"rendered":"\n<h1 class=\"wp-block-heading\"><strong>Buildinx: Ein Interview mit Max Ludwig \u00fcber die Zukunft der regionalen Fachmessen \u2013 Teil 2<\/strong><\/h1>\n\n\n\n<p>Die Buildinx war nicht nur eine Messe, sondern auch eine Plattform f\u00fcr spannende Diskussionen \u00fcber die Zukunft der Bau- und Logistikbranche. Ein besonderes Highlight war die Podiumsdiskussion \u201eZukunft gestalten\u201c, bei der unser Account Manager Max Ludwig zusammen mit f\u00fchrenden Branchenexpert*innen wie Kuno Neumeier, Dr. Malte-Maria M\u00fcnchow, Bernd D\u00fcsterdiek und Moderator Peter Abelmann (Gesch\u00e4ftsf\u00fchrer der LOG-IT e.V.) \u00fcber die Herausforderungen und Chancen der Logistikimmobilien sprach.<\/p>\n\n\n\n<p>Hier sind die wichtigsten Einblicke aus dem Interview mit Max Ludwig zur Diskussion:<\/p>\n\n\n\n<h2 class=\"wp-block-heading\"><strong>1. Diskussionsteilnehmer*innen und Perspektiven<\/strong><\/h2>\n\n\n\n<p>\u201eDas Er\u00f6ffnungspodium \u00fcberzeugte durch langj\u00e4hrige Kompetenz und Expertise. Besonders spannend war es, die unterschiedlichen Ausgangspunkte der Diskussionsteilnehmer*innen kennenzulernen. Einhellig wurde betont, dass Logistikimmobilien in den letzten Jahren ihre Zuverl\u00e4ssigkeit und Zukunftsf\u00e4higkeit bewiesen haben.\u201c<\/p>\n\n\n\n<p>Die verschiedenen Perspektiven der Expert*innen unterstrichen, wie wichtig diese Assetklasse f\u00fcr die gesamte Branche ist.<\/p>\n\n\n\n<h2 class=\"wp-block-heading\"><strong>2. Hauptthemen und Relevanz<\/strong><\/h2>\n\n\n\n<p>Die Diskussion fokussierte sich auf die <strong>Herausforderungen und Aufgaben der Logistikimmobilien<\/strong> f\u00fcr die Zukunft. Max Ludwig fasst zusammen:<br>\u201eDeutlich wurde, dass sowohl Vermieter als auch Mieter Verantwortung tragen. Vermieter m\u00fcssen nachhaltige Immobilien bereitstellen, w\u00e4hrend Mieter bereit sein m\u00fcssen, diese zu wirtschaftlich sinnvollen Preisen zu nutzen. Dar\u00fcber hinaus wurde die Relevanz der Logistikimmobilien im gesamten Bundesgebiet hervorgehoben.\u201c<\/p>\n\n\n\n<p>Die Panelteilnehmer*innen betonten auch die Rentabilit\u00e4t der Assetklasse und ihre Verantwortung, durch nachhaltige und qualitativ hochwertige Immobilien einen Beitrag zur Zukunftsf\u00e4higkeit zu leisten.<\/p>\n\n\n\n<h2 class=\"wp-block-heading\"><strong>3. Dynamik zwischen den Teilnehmer*innen<\/strong><\/h2>\n\n\n\n<p>Die Diskussion war gepr\u00e4gt von \u00dcbereinstimmung:<br>\u201eIm Wesentlichen waren sich alle Diskussionsteilnehmer*innen einig. Einzig die Rolle der \u00f6ffentlichen Hand f\u00fchrte zu einem kurzen Meinungsaustausch, der jedoch nicht zu einem tats\u00e4chlichen Diskurs f\u00fchrte.\u201c<\/p>\n\n\n\n<p>Diese Harmonie unterstrich, wie klar die Herausforderungen und Ziele f\u00fcr die Branche definiert sind.<\/p>\n\n\n\n<h2 class=\"wp-block-heading\"><strong>4. Publikumsinteraktion<\/strong><\/h2>\n\n\n\n<p>\u201eDas Publikum wurde in diesem Zusammenhang leider nicht aktiv eingebunden,\u201c erkl\u00e4rte Max Ludwig. Dennoch bot die Diskussion wertvolle Einblicke f\u00fcr alle Zuh\u00f6rer*innen.<\/p>\n\n\n\n<h2 class=\"wp-block-heading\"><strong>5. Erkenntnisse und \u00fcberraschende Aussagen<\/strong><\/h2>\n\n\n\n<p>Was bleibt von der Diskussion? F\u00fcr Max Ludwig ist klar:<br>\u201eMir ist besonders im Kopf geblieben, dass Logistikimmobilien ihrer Verantwortung hinsichtlich Nachhaltigkeit und Luftqualit\u00e4t gerecht werden m\u00fcssen. Diese Assetklasse hat in den letzten Jahren bewiesen, dass sie ein zuverl\u00e4ssiger Partner f\u00fcr die Wirtschaft ist.\u201c<\/p>\n\n\n\n<p>Die Zukunft von Logistikimmobilien liegt in der Balance zwischen \u00f6kologischer Verantwortung, wirtschaftlicher Rentabilit\u00e4t und innovativen L\u00f6sungen, um den steigenden Anforderungen gerecht zu werden.<\/p>\n\n\n\n<h2 class=\"wp-block-heading\"><strong>Ein Fazit zur Buildinx und ihrer Bedeutung<\/strong><\/h2>\n\n\n\n<p>Die Buildinx bot nicht nur eine B\u00fchne f\u00fcr intensive Diskussionen, sondern auch eine klare Botschaft: <strong>Logistikimmobilien spielen eine Schl\u00fcsselrolle in der wirtschaftlichen und nachhaltigen Entwicklung.<\/strong><\/p>\n\n\n\n<p>Unibau Gewerbebau war stolz darauf, Teil dieser Messe und Diskussion zu sein. Solche Plattformen sind essenziell, um die Zukunft der Branche aktiv mitzugestalten und wertvolle Kontakte zu kn\u00fcpfen. Die Buildinx beweist, dass regionale Fachmessen einen entscheidenden Beitrag zur Entwicklung der Bau- und Logistikbranche leisten k\u00f6nnen.<\/p>\n\n\n\n<p>Wir freuen uns schon jetzt auf die n\u00e4chste Buildinx und weitere spannende Gespr\u00e4che \u00fcber die Zukunft der Logistikimmobilien!<\/p>\n","protected":false},"excerpt":{"rendered":"<p>Buildinx: Ein Interview mit Max Ludwig \u00fcber die Zukunft der regionalen Fachmessen \u2013 Teil 2 Die Buildinx war nicht nur &hellip;<\/p>\n","protected":false},"author":5,"featured_media":6508,"comment_status":"closed","ping_status":"closed","sticky":false,"template":"","format":"standard","meta":{"_acf_changed":false,"footnotes":""},"categories":[3],"tags":[],"class_list":["post-6507","post","type-post","status-publish","format-standard","has-post-thumbnail","hentry","category-unkategorisiert"],"acf":[],"yoast_head":"<!-- This site is optimized with the Yoast SEO plugin v23.5 - https:\/\/yoast.com\/wordpress\/plugins\/seo\/ -->\n<title>Ein Interview mit Max Ludwig \u00fcber die Zukunft<\/title>\n<meta name=\"description\" content=\"Ein Interview mit Max Ludwig \u00fcber die Zukunft der regionalen Fachmessen \u2013 Teil 2. Gespr\u00e4che \u00fcber die Zukunft der Logistikimmobilien.\" \/>\n<meta name=\"robots\" content=\"index, follow, max-snippet:-1, max-image-preview:large, max-video-preview:-1\" \/>\n<link rel=\"canonical\" href=\"https:\/\/www.unibaugewerbebau.de\/en\/max-ludwig\/\" \/>\n<meta property=\"og:locale\" content=\"en_US\" \/>\n<meta property=\"og:type\" content=\"article\" \/>\n<meta property=\"og:title\" content=\"Ein Interview mit Max Ludwig \u00fcber die Zukunft\" \/>\n<meta property=\"og:description\" content=\"Ein Interview mit Max Ludwig \u00fcber die Zukunft der regionalen Fachmessen \u2013 Teil 2. Gespr\u00e4che \u00fcber die Zukunft der Logistikimmobilien.\" \/>\n<meta property=\"og:url\" content=\"https:\/\/www.unibaugewerbebau.de\/en\/max-ludwig\/\" \/>\n<meta property=\"og:site_name\" content=\"Unibau Gewerbebau GmbH\" \/>\n<meta property=\"article:published_time\" content=\"2025-01-10T15:03:35+00:00\" \/>\n<meta property=\"article:modified_time\" content=\"2025-01-10T15:03:37+00:00\" \/>\n<meta property=\"og:image\" content=\"https:\/\/www.unibaugewerbebau.de\/wp-content\/uploads\/2025\/01\/Unibau-Blog-Max-Interview-2_2.png\" \/>\n\t<meta property=\"og:image:width\" content=\"1280\" \/>\n\t<meta property=\"og:image:height\" content=\"720\" \/>\n\t<meta property=\"og:image:type\" content=\"image\/png\" \/>\n<meta name=\"author\" content=\"Anke Raijmakers - van Horik\" \/>\n<meta name=\"twitter:card\" content=\"summary_large_image\" \/>\n<meta name=\"twitter:label1\" content=\"Written by\" \/>\n\t<meta name=\"twitter:data1\" content=\"Anke Raijmakers - van Horik\" \/>\n\t<meta name=\"twitter:label2\" content=\"Est. reading time\" \/>\n\t<meta name=\"twitter:data2\" content=\"3 minutes\" \/>\n<script type=\"application\/ld+json\" class=\"yoast-schema-graph\">{\"@context\":\"https:\/\/schema.org\",\"@graph\":[{\"@type\":\"WebPage\",\"@id\":\"https:\/\/www.unibaugewerbebau.de\/en\/max-ludwig\/\",\"url\":\"https:\/\/www.unibaugewerbebau.de\/en\/max-ludwig\/\",\"name\":\"Ein Interview mit Max Ludwig \u00fcber die Zukunft\",\"isPartOf\":{\"@id\":\"https:\/\/www.unibaugewerbebau.de\/en\/#website\"},\"primaryImageOfPage\":{\"@id\":\"https:\/\/www.unibaugewerbebau.de\/en\/max-ludwig\/#primaryimage\"},\"image\":{\"@id\":\"https:\/\/www.unibaugewerbebau.de\/en\/max-ludwig\/#primaryimage\"},\"thumbnailUrl\":\"https:\/\/www.unibaugewerbebau.de\/wp-content\/uploads\/2025\/01\/Unibau-Blog-Max-Interview-2_2.png\",\"datePublished\":\"2025-01-10T15:03:35+00:00\",\"dateModified\":\"2025-01-10T15:03:37+00:00\",\"author\":{\"@id\":\"https:\/\/www.unibaugewerbebau.de\/en\/#\/schema\/person\/c6b6aea453107dfa012c8f95f02b6409\"},\"description\":\"Ein Interview mit Max Ludwig \u00fcber die Zukunft der regionalen Fachmessen \u2013 Teil 2. Gespr\u00e4che \u00fcber die Zukunft der Logistikimmobilien.\",\"inLanguage\":\"en-US\",\"potentialAction\":[{\"@type\":\"ReadAction\",\"target\":[\"https:\/\/www.unibaugewerbebau.de\/en\/max-ludwig\/\"]}]},{\"@type\":\"ImageObject\",\"inLanguage\":\"en-US\",\"@id\":\"https:\/\/www.unibaugewerbebau.de\/en\/max-ludwig\/#primaryimage\",\"url\":\"https:\/\/www.unibaugewerbebau.de\/wp-content\/uploads\/2025\/01\/Unibau-Blog-Max-Interview-2_2.png\",\"contentUrl\":\"https:\/\/www.unibaugewerbebau.de\/wp-content\/uploads\/2025\/01\/Unibau-Blog-Max-Interview-2_2.png\",\"width\":1280,\"height\":720,\"caption\":\"Max Ludwig\"},{\"@type\":\"WebSite\",\"@id\":\"https:\/\/www.unibaugewerbebau.de\/en\/#website\",\"url\":\"https:\/\/www.unibaugewerbebau.de\/en\/\",\"name\":\"Unibau Gewerbebau GmbH\",\"description\":\"\",\"potentialAction\":[{\"@type\":\"SearchAction\",\"target\":{\"@type\":\"EntryPoint\",\"urlTemplate\":\"https:\/\/www.unibaugewerbebau.de\/en\/?s={search_term_string}\"},\"query-input\":{\"@type\":\"PropertyValueSpecification\",\"valueRequired\":true,\"valueName\":\"search_term_string\"}}],\"inLanguage\":\"en-US\"},{\"@type\":\"Person\",\"@id\":\"https:\/\/www.unibaugewerbebau.de\/en\/#\/schema\/person\/c6b6aea453107dfa012c8f95f02b6409\",\"name\":\"Anke Raijmakers - van Horik\",\"url\":\"https:\/\/www.unibaugewerbebau.de\/en\/author\/ankeunibouw-eu\/\"}]}<\/script>\n<!-- \/ Yoast SEO plugin. -->","yoast_head_json":{"title":"Ein Interview mit Max Ludwig \u00fcber die Zukunft","description":"Ein Interview mit Max Ludwig \u00fcber die Zukunft der regionalen Fachmessen \u2013 Teil 2. Gespr\u00e4che \u00fcber die Zukunft der Logistikimmobilien.","robots":{"index":"index","follow":"follow","max-snippet":"max-snippet:-1","max-image-preview":"max-image-preview:large","max-video-preview":"max-video-preview:-1"},"canonical":"https:\/\/www.unibaugewerbebau.de\/en\/max-ludwig\/","og_locale":"en_US","og_type":"article","og_title":"Ein Interview mit Max Ludwig \u00fcber die Zukunft","og_description":"Ein Interview mit Max Ludwig \u00fcber die Zukunft der regionalen Fachmessen \u2013 Teil 2. Gespr\u00e4che \u00fcber die Zukunft der Logistikimmobilien.","og_url":"https:\/\/www.unibaugewerbebau.de\/en\/max-ludwig\/","og_site_name":"Unibau Gewerbebau GmbH","article_published_time":"2025-01-10T15:03:35+00:00","article_modified_time":"2025-01-10T15:03:37+00:00","og_image":[{"width":1280,"height":720,"url":"https:\/\/www.unibaugewerbebau.de\/wp-content\/uploads\/2025\/01\/Unibau-Blog-Max-Interview-2_2.png","type":"image\/png"}],"author":"Anke Raijmakers - van Horik","twitter_card":"summary_large_image","twitter_misc":{"Written by":"Anke Raijmakers - van Horik","Est. reading time":"3 minutes"},"schema":{"@context":"https:\/\/schema.org","@graph":[{"@type":"WebPage","@id":"https:\/\/www.unibaugewerbebau.de\/en\/max-ludwig\/","url":"https:\/\/www.unibaugewerbebau.de\/en\/max-ludwig\/","name":"Ein Interview mit Max Ludwig \u00fcber die Zukunft","isPartOf":{"@id":"https:\/\/www.unibaugewerbebau.de\/en\/#website"},"primaryImageOfPage":{"@id":"https:\/\/www.unibaugewerbebau.de\/en\/max-ludwig\/#primaryimage"},"image":{"@id":"https:\/\/www.unibaugewerbebau.de\/en\/max-ludwig\/#primaryimage"},"thumbnailUrl":"https:\/\/www.unibaugewerbebau.de\/wp-content\/uploads\/2025\/01\/Unibau-Blog-Max-Interview-2_2.png","datePublished":"2025-01-10T15:03:35+00:00","dateModified":"2025-01-10T15:03:37+00:00","author":{"@id":"https:\/\/www.unibaugewerbebau.de\/en\/#\/schema\/person\/c6b6aea453107dfa012c8f95f02b6409"},"description":"Ein Interview mit Max Ludwig \u00fcber die Zukunft der regionalen Fachmessen \u2013 Teil 2. Gespr\u00e4che \u00fcber die Zukunft der Logistikimmobilien.","inLanguage":"en-US","potentialAction":[{"@type":"ReadAction","target":["https:\/\/www.unibaugewerbebau.de\/en\/max-ludwig\/"]}]},{"@type":"ImageObject","inLanguage":"en-US","@id":"https:\/\/www.unibaugewerbebau.de\/en\/max-ludwig\/#primaryimage","url":"https:\/\/www.unibaugewerbebau.de\/wp-content\/uploads\/2025\/01\/Unibau-Blog-Max-Interview-2_2.png","contentUrl":"https:\/\/www.unibaugewerbebau.de\/wp-content\/uploads\/2025\/01\/Unibau-Blog-Max-Interview-2_2.png","width":1280,"height":720,"caption":"Max Ludwig"},{"@type":"WebSite","@id":"https:\/\/www.unibaugewerbebau.de\/en\/#website","url":"https:\/\/www.unibaugewerbebau.de\/en\/","name":"Unibau Gewerbebau GmbH","description":"","potentialAction":[{"@type":"SearchAction","target":{"@type":"EntryPoint","urlTemplate":"https:\/\/www.unibaugewerbebau.de\/en\/?s={search_term_string}"},"query-input":{"@type":"PropertyValueSpecification","valueRequired":true,"valueName":"search_term_string"}}],"inLanguage":"en-US"},{"@type":"Person","@id":"https:\/\/www.unibaugewerbebau.de\/en\/#\/schema\/person\/c6b6aea453107dfa012c8f95f02b6409","name":"Anke Raijmakers - van Horik","url":"https:\/\/www.unibaugewerbebau.de\/en\/author\/ankeunibouw-eu\/"}]}},"_links":{"self":[{"href":"https:\/\/www.unibaugewerbebau.de\/en\/wp-json\/wp\/v2\/posts\/6507","targetHints":{"allow":["GET"]}}],"collection":[{"href":"https:\/\/www.unibaugewerbebau.de\/en\/wp-json\/wp\/v2\/posts"}],"about":[{"href":"https:\/\/www.unibaugewerbebau.de\/en\/wp-json\/wp\/v2\/types\/post"}],"author":[{"embeddable":true,"href":"https:\/\/www.unibaugewerbebau.de\/en\/wp-json\/wp\/v2\/users\/5"}],"replies":[{"embeddable":true,"href":"https:\/\/www.unibaugewerbebau.de\/en\/wp-json\/wp\/v2\/comments?post=6507"}],"version-history":[{"count":1,"href":"https:\/\/www.unibaugewerbebau.de\/en\/wp-json\/wp\/v2\/posts\/6507\/revisions"}],"predecessor-version":[{"id":6510,"href":"https:\/\/www.unibaugewerbebau.de\/en\/wp-json\/wp\/v2\/posts\/6507\/revisions\/6510"}],"wp:featuredmedia":[{"embeddable":true,"href":"https:\/\/www.unibaugewerbebau.de\/en\/wp-json\/wp\/v2\/media\/6508"}],"wp:attachment":[{"href":"https:\/\/www.unibaugewerbebau.de\/en\/wp-json\/wp\/v2\/media?parent=6507"}],"wp:term":[{"taxonomy":"category","embeddable":true,"href":"https:\/\/www.unibaugewerbebau.de\/en\/wp-json\/wp\/v2\/categories?post=6507"},{"taxonomy":"post_tag","embeddable":true,"href":"https:\/\/www.unibaugewerbebau.de\/en\/wp-json\/wp\/v2\/tags?post=6507"}],"curies":[{"name":"wp","href":"https:\/\/api.w.org\/{rel}","templated":true}]}}