{"id":6517,"date":"2025-01-31T09:48:30","date_gmt":"2025-01-31T08:48:30","guid":{"rendered":"https:\/\/www.unibaugewerbebau.de\/?p=6517"},"modified":"2025-01-31T09:49:28","modified_gmt":"2025-01-31T08:49:28","slug":"bvmw-jahresempfang-2025","status":"publish","type":"post","link":"https:\/\/www.unibaugewerbebau.de\/en\/bvmw-jahresempfang-2025\/","title":{"rendered":"BVMW Jahresempfang 2025"},"content":{"rendered":"\n<h1 class=\"wp-block-heading\"><strong>BVMW Jahresempfang 2025: Ein inspirierender Start ins neue Jahr<\/strong><\/h1>\n\n\n\n<p>Am 23. Januar 2025 lud der <strong><a href=\"https:\/\/www.bvmw.de\/\">Bundesverband mittelst\u00e4ndische Wirtschaft (BVMW)<\/a><\/strong> zum Jahresempfang <strong>&#8220;HAPPY NEW IDEA&#8221;<\/strong> in die modernen R\u00e4umlichkeiten der <strong><a href=\"https:\/\/www.designoffices.de\/standorte\/buero-mieten-duesseldorf\/duesseldorf-fuerst-friedrich\">Design Offices F\u00fcrst &amp; Friedrich in D\u00fcsseldorf<\/a><\/strong> ein. Unternehmerinnen und Unternehmer aus verschiedenen Branchen kamen zusammen, um das neue Jahr mit frischen Impulsen, wertvollen Netzwerkm\u00f6glichkeiten und spannenden Vortr\u00e4gen zu starten. Als <strong>Veranstaltungspartner<\/strong> war auch <strong>Unibau<\/strong> vertreten und hielt einen aufschlussreichen Vortrag zum Thema <strong>\u201eGewerbepark der Zukunft\u201c<\/strong>.<\/p>\n\n\n\n<h2 class=\"wp-block-heading\"><strong>BVMW \u2013 Die Stimme des Mittelstands<\/strong><\/h2>\n\n\n\n<p>Der <strong>BVMW<\/strong> ist die gr\u00f6\u00dfte, freiwillig organisierte Interessenvertretung des deutschen Mittelstands und setzt sich aktiv f\u00fcr die wirtschaftliche und politische St\u00e4rkung kleiner und mittlerer Unternehmen ein. Mit einer Vielzahl von Veranstaltungen bietet der <strong>BVMW<\/strong> seinen Mitgliedern regelm\u00e4\u00dfig Plattformen zum Austausch, zur Weiterbildung und zur strategischen Vernetzung.<\/p>\n\n\n\n<p>Der Jahresempfang <strong>\u201eHAPPY NEW IDEA\u201c<\/strong> hat sich \u00fcber die Jahre zu einer der wichtigsten Veranstaltungen des BVMW in der <strong>Metropolregion D\u00fcsseldorf<\/strong> entwickelt. Der Fokus liegt dabei auf aktuellen wirtschaftlichen Herausforderungen, Innovationen und praxisnahen L\u00f6sungen f\u00fcr mittelst\u00e4ndische Unternehmen.<\/p>\n\n\n\n<h2 class=\"wp-block-heading\"><strong>Ein inspirierender Auftakt mit spannenden Vortr\u00e4gen<\/strong><\/h2>\n\n\n\n<p>Der <strong>BVMW Jahresempfang<\/strong> bot eine Vielzahl von inspirierenden Vortr\u00e4gen und Podiumsdiskussionen. Experten aus verschiedenen Bereichen teilten ihre Erkenntnisse zu den wichtigsten Entwicklungen im Mittelstand. <strong>Technologischer Wandel, nachhaltige Gesch\u00e4ftsmodelle und innovative Arbeitskonzepte<\/strong> standen im Mittelpunkt der Gespr\u00e4che.<\/p>\n\n\n\n<p>Als <strong>Veranstaltungspartner<\/strong> durfte <strong>Unibau<\/strong> mit einem Fachvortrag einen besonderen Akzent setzen. Thema war der <strong>\u201eGewerbepark der Zukunft\u201c<\/strong> \u2013 ein hochaktuelles Thema f\u00fcr viele mittelst\u00e4ndische Unternehmen, die ihre Standorte nachhaltiger, effizienter und wirtschaftlicher gestalten wollen.<\/p>\n\n\n\n<h2 class=\"wp-block-heading\"><strong>Unibau \u00fcber den Gewerbepark der Zukunft<\/strong><\/h2>\n\n\n\n<p>Unibau pr\u00e4sentierte innovative Konzepte f\u00fcr die <strong>Zukunft von Gewerbeimmobilien<\/strong> und diskutierte zentrale Herausforderungen:<\/p>\n\n\n\n<ul class=\"wp-block-list\">\n<li><strong>Nachhaltigkeit<\/strong>: Wie lassen sich Energieeffizienz und Klimaschutz in modernen Gewerbeparks integrieren?<\/li>\n\n\n\n<li><strong>Flexibilit\u00e4t<\/strong>: Warum modulare Bauweisen und anpassbare Nutzungskonzepte f\u00fcr Unternehmen immer wichtiger werden.<\/li>\n\n\n\n<li><strong>Technologieeinsatz<\/strong>: Welche digitalen L\u00f6sungen und smarten Systeme verbessern die Effizienz in Gewerbeimmobilien?<\/li>\n\n\n\n<li><strong>Standortentwicklung<\/strong>: Wie Unternehmen mit <strong>BVMW<\/strong> und anderen Partnern zusammenarbeiten k\u00f6nnen, um optimale Standorte zu entwickeln.<\/li>\n<\/ul>\n\n\n\n<p>Die Diskussionen zeigten deutlich, dass mittelst\u00e4ndische Unternehmen heute mehr denn je auf zukunftsf\u00e4hige Gewerbestandorte angewiesen sind. Der <strong>BVMW Jahresempfang<\/strong> bot die perfekte B\u00fchne, um diese Themen in einem inspirierenden Umfeld zu diskutieren.<\/p>\n\n\n\n<h2 class=\"wp-block-heading\"><strong>BVMW: Netzwerk f\u00fcr den Mittelstand<\/strong><\/h2>\n\n\n\n<p>Neben den Vortr\u00e4gen stand der Austausch zwischen den Teilnehmenden im Vordergrund. Der <strong>BVMW Jahresempfang<\/strong> ist bekannt f\u00fcr sein hochkar\u00e4tiges Publikum, das aus Unternehmerinnen, Investoren, Start-ups und Branchenexperten besteht.<\/p>\n\n\n\n<p>Auch Unibau nutzte die Gelegenheit, um neue Kontakte zu kn\u00fcpfen, bestehende Gesch\u00e4ftsbeziehungen zu vertiefen und sich mit anderen mittelst\u00e4ndischen Unternehmen \u00fcber die Chancen und Herausforderungen der kommenden Jahre auszutauschen.<\/p>\n\n\n\n<h2 class=\"wp-block-heading\"><strong>Networking und Austausch auf h\u00f6chstem Niveau<\/strong><\/h2>\n\n\n\n<p>Nach den Vortr\u00e4gen bot sich in den stilvollen R\u00e4umlichkeiten der <strong>Design Offices<\/strong> ausreichend Gelegenheit f\u00fcr pers\u00f6nliche Gespr\u00e4che. Die Teilnehmenden tauschten sich \u00fcber <strong>Gesch\u00e4ftsstrategien, neue Kooperationen und gemeinsame Projekte<\/strong> aus.<\/p>\n\n\n\n<p>Der <strong>BVMW<\/strong> hat es erneut geschafft, eine Veranstaltung zu organisieren, die nicht nur informativ, sondern auch inspirierend war. Die Teilnehmenden nahmen wertvolle Impulse f\u00fcr ihre Unternehmen mit und konnten sich direkt mit anderen Entscheidungstr\u00e4gern vernetzen.<\/p>\n\n\n\n<h2 class=\"wp-block-heading\"><strong>Ein fester Bestandteil im Veranstaltungskalender<\/strong><\/h2>\n\n\n\n<p>Der <strong>&#8220;HAPPY NEW IDEA&#8221; Jahresempfang<\/strong> hat sich als fester Bestandteil im Kalender des <strong>BVMW<\/strong> etabliert und wird auch in Zukunft eine wichtige Plattform f\u00fcr den Mittelstand bleiben.<\/p>\n\n\n\n<p>Die <strong>Fotos des Events<\/strong>, die uns vom <strong>Mittelstand BVMW e.V.<\/strong> zur Verf\u00fcgung gestellt wurden, geben einen Eindruck von der tollen Atmosph\u00e4re und den vielen wertvollen Begegnungen, die an diesem Tag stattfanden.<\/p>\n\n\n\n<h2 class=\"wp-block-heading\"><strong>Fazit: Der BVMW Jahresempfang als Impulsgeber f\u00fcr die Zukunft<\/strong><\/h2>\n\n\n\n<p>Die Veranstaltung hat einmal mehr gezeigt, wie wichtig der <strong>BVMW<\/strong> f\u00fcr den deutschen Mittelstand ist. Sie bietet nicht nur wertvolle Einblicke in die wirtschaftlichen Entwicklungen, sondern auch eine einzigartige M\u00f6glichkeit zur Vernetzung.<\/p>\n\n\n\n<p>Wir als <strong>Unibau<\/strong> waren stolz darauf, als Veranstaltungspartner dabei zu sein und mit einem Fachvortrag zum <strong>\u201eGewerbepark der Zukunft\u201c<\/strong> einen wichtigen Beitrag zu leisten. Wir freuen uns schon jetzt auf das n\u00e4chste Event und darauf, weiterhin aktiv an der Gestaltung der Zukunft des Mittelstands mitzuwirken.<\/p>\n\n\n\n<figure class=\"wp-block-gallery has-nested-images columns-default is-cropped wp-block-gallery-1 is-layout-flex wp-block-gallery-is-layout-flex\">\n<figure class=\"wp-block-image size-large\"><img loading=\"lazy\" decoding=\"async\" width=\"1024\" height=\"805\" data-id=\"6522\" src=\"https:\/\/www.unibaugewerbebau.de\/wp-content\/uploads\/2025\/01\/Bildschirmfoto-2025-01-31-um-12.41.57-1024x805.png\" alt=\"\" class=\"wp-image-6522\" srcset=\"https:\/\/www.unibaugewerbebau.de\/wp-content\/uploads\/2025\/01\/Bildschirmfoto-2025-01-31-um-12.41.57-1024x805.png 1024w, https:\/\/www.unibaugewerbebau.de\/wp-content\/uploads\/2025\/01\/Bildschirmfoto-2025-01-31-um-12.41.57-300x236.png 300w, https:\/\/www.unibaugewerbebau.de\/wp-content\/uploads\/2025\/01\/Bildschirmfoto-2025-01-31-um-12.41.57-768x604.png 768w, https:\/\/www.unibaugewerbebau.de\/wp-content\/uploads\/2025\/01\/Bildschirmfoto-2025-01-31-um-12.41.57.png 1234w\" sizes=\"auto, (max-width: 1024px) 100vw, 1024px\" \/><\/figure>\n\n\n\n<figure class=\"wp-block-image size-large\"><img loading=\"lazy\" decoding=\"async\" width=\"1024\" height=\"805\" data-id=\"6520\" src=\"https:\/\/www.unibaugewerbebau.de\/wp-content\/uploads\/2025\/01\/Bildschirmfoto-2025-01-31-um-12.42.04-1024x805.png\" alt=\"\" class=\"wp-image-6520\" srcset=\"https:\/\/www.unibaugewerbebau.de\/wp-content\/uploads\/2025\/01\/Bildschirmfoto-2025-01-31-um-12.42.04-1024x805.png 1024w, https:\/\/www.unibaugewerbebau.de\/wp-content\/uploads\/2025\/01\/Bildschirmfoto-2025-01-31-um-12.42.04-300x236.png 300w, https:\/\/www.unibaugewerbebau.de\/wp-content\/uploads\/2025\/01\/Bildschirmfoto-2025-01-31-um-12.42.04-768x604.png 768w, https:\/\/www.unibaugewerbebau.de\/wp-content\/uploads\/2025\/01\/Bildschirmfoto-2025-01-31-um-12.42.04.png 1234w\" sizes=\"auto, (max-width: 1024px) 100vw, 1024px\" \/><\/figure>\n<\/figure>\n","protected":false},"excerpt":{"rendered":"<p>BVMW Jahresempfang 2025: Ein inspirierender Start ins neue Jahr Am 23. Januar 2025 lud der Bundesverband mittelst\u00e4ndische Wirtschaft (BVMW) zum &hellip;<\/p>\n","protected":false},"author":5,"featured_media":6518,"comment_status":"closed","ping_status":"closed","sticky":false,"template":"","format":"standard","meta":{"_acf_changed":false,"footnotes":""},"categories":[3],"tags":[],"class_list":["post-6517","post","type-post","status-publish","format-standard","has-post-thumbnail","hentry","category-unkategorisiert"],"acf":[],"yoast_head":"<!-- This site is optimized with the Yoast SEO plugin v23.5 - https:\/\/yoast.com\/wordpress\/plugins\/seo\/ -->\n<title>BVMW Jahresempfang 2025: Ein inspirierender Start ins neue Jahr<\/title>\n<meta name=\"description\" content=\"Der BVMW Jahresempfang bot eine Vielzahl von inspirierenden Vortr\u00e4gen und Podiumsdiskussionen zu vielen verschiedenen Themen.\" \/>\n<meta name=\"robots\" content=\"index, follow, max-snippet:-1, max-image-preview:large, max-video-preview:-1\" \/>\n<link rel=\"canonical\" href=\"https:\/\/www.unibaugewerbebau.de\/en\/bvmw-jahresempfang-2025\/\" \/>\n<meta property=\"og:locale\" content=\"en_US\" \/>\n<meta property=\"og:type\" content=\"article\" \/>\n<meta property=\"og:title\" content=\"BVMW Jahresempfang 2025: Ein inspirierender Start ins neue Jahr\" \/>\n<meta property=\"og:description\" content=\"Der BVMW Jahresempfang bot eine Vielzahl von inspirierenden Vortr\u00e4gen und Podiumsdiskussionen zu vielen verschiedenen Themen.\" \/>\n<meta property=\"og:url\" content=\"https:\/\/www.unibaugewerbebau.de\/en\/bvmw-jahresempfang-2025\/\" \/>\n<meta property=\"og:site_name\" content=\"Unibau Gewerbebau GmbH\" \/>\n<meta property=\"article:published_time\" content=\"2025-01-31T08:48:30+00:00\" \/>\n<meta property=\"article:modified_time\" content=\"2025-01-31T08:49:28+00:00\" \/>\n<meta property=\"og:image\" content=\"https:\/\/www.unibaugewerbebau.de\/wp-content\/uploads\/2025\/01\/Bildschirmfoto-2025-01-31-um-12.41.51.png\" \/>\n\t<meta property=\"og:image:width\" content=\"1234\" \/>\n\t<meta property=\"og:image:height\" content=\"970\" \/>\n\t<meta property=\"og:image:type\" content=\"image\/png\" \/>\n<meta name=\"author\" content=\"Anke Raijmakers - van Horik\" \/>\n<meta name=\"twitter:card\" content=\"summary_large_image\" \/>\n<meta name=\"twitter:label1\" content=\"Written by\" \/>\n\t<meta name=\"twitter:data1\" content=\"Anke Raijmakers - van Horik\" \/>\n\t<meta name=\"twitter:label2\" content=\"Est. reading time\" \/>\n\t<meta name=\"twitter:data2\" content=\"4 minutes\" \/>\n<script type=\"application\/ld+json\" class=\"yoast-schema-graph\">{\"@context\":\"https:\/\/schema.org\",\"@graph\":[{\"@type\":\"WebPage\",\"@id\":\"https:\/\/www.unibaugewerbebau.de\/en\/bvmw-jahresempfang-2025\/\",\"url\":\"https:\/\/www.unibaugewerbebau.de\/en\/bvmw-jahresempfang-2025\/\",\"name\":\"BVMW Jahresempfang 2025: Ein inspirierender Start ins neue Jahr\",\"isPartOf\":{\"@id\":\"https:\/\/www.unibaugewerbebau.de\/en\/#website\"},\"primaryImageOfPage\":{\"@id\":\"https:\/\/www.unibaugewerbebau.de\/en\/bvmw-jahresempfang-2025\/#primaryimage\"},\"image\":{\"@id\":\"https:\/\/www.unibaugewerbebau.de\/en\/bvmw-jahresempfang-2025\/#primaryimage\"},\"thumbnailUrl\":\"https:\/\/www.unibaugewerbebau.de\/wp-content\/uploads\/2025\/01\/Bildschirmfoto-2025-01-31-um-12.41.51.png\",\"datePublished\":\"2025-01-31T08:48:30+00:00\",\"dateModified\":\"2025-01-31T08:49:28+00:00\",\"author\":{\"@id\":\"https:\/\/www.unibaugewerbebau.de\/en\/#\/schema\/person\/c6b6aea453107dfa012c8f95f02b6409\"},\"description\":\"Der BVMW Jahresempfang bot eine Vielzahl von inspirierenden Vortr\u00e4gen und Podiumsdiskussionen zu vielen verschiedenen Themen.\",\"inLanguage\":\"en-US\",\"potentialAction\":[{\"@type\":\"ReadAction\",\"target\":[\"https:\/\/www.unibaugewerbebau.de\/en\/bvmw-jahresempfang-2025\/\"]}]},{\"@type\":\"ImageObject\",\"inLanguage\":\"en-US\",\"@id\":\"https:\/\/www.unibaugewerbebau.de\/en\/bvmw-jahresempfang-2025\/#primaryimage\",\"url\":\"https:\/\/www.unibaugewerbebau.de\/wp-content\/uploads\/2025\/01\/Bildschirmfoto-2025-01-31-um-12.41.51.png\",\"contentUrl\":\"https:\/\/www.unibaugewerbebau.de\/wp-content\/uploads\/2025\/01\/Bildschirmfoto-2025-01-31-um-12.41.51.png\",\"width\":1234,\"height\":970,\"caption\":\"BVMW\"},{\"@type\":\"WebSite\",\"@id\":\"https:\/\/www.unibaugewerbebau.de\/en\/#website\",\"url\":\"https:\/\/www.unibaugewerbebau.de\/en\/\",\"name\":\"Unibau Gewerbebau GmbH\",\"description\":\"\",\"potentialAction\":[{\"@type\":\"SearchAction\",\"target\":{\"@type\":\"EntryPoint\",\"urlTemplate\":\"https:\/\/www.unibaugewerbebau.de\/en\/?s={search_term_string}\"},\"query-input\":{\"@type\":\"PropertyValueSpecification\",\"valueRequired\":true,\"valueName\":\"search_term_string\"}}],\"inLanguage\":\"en-US\"},{\"@type\":\"Person\",\"@id\":\"https:\/\/www.unibaugewerbebau.de\/en\/#\/schema\/person\/c6b6aea453107dfa012c8f95f02b6409\",\"name\":\"Anke Raijmakers - van Horik\",\"url\":\"https:\/\/www.unibaugewerbebau.de\/en\/author\/ankeunibouw-eu\/\"}]}<\/script>\n<!-- \/ Yoast SEO plugin. -->","yoast_head_json":{"title":"BVMW Jahresempfang 2025: Ein inspirierender Start ins neue Jahr","description":"Der BVMW Jahresempfang bot eine Vielzahl von inspirierenden Vortr\u00e4gen und Podiumsdiskussionen zu vielen verschiedenen Themen.","robots":{"index":"index","follow":"follow","max-snippet":"max-snippet:-1","max-image-preview":"max-image-preview:large","max-video-preview":"max-video-preview:-1"},"canonical":"https:\/\/www.unibaugewerbebau.de\/en\/bvmw-jahresempfang-2025\/","og_locale":"en_US","og_type":"article","og_title":"BVMW Jahresempfang 2025: Ein inspirierender Start ins neue Jahr","og_description":"Der BVMW Jahresempfang bot eine Vielzahl von inspirierenden Vortr\u00e4gen und Podiumsdiskussionen zu vielen verschiedenen Themen.","og_url":"https:\/\/www.unibaugewerbebau.de\/en\/bvmw-jahresempfang-2025\/","og_site_name":"Unibau Gewerbebau GmbH","article_published_time":"2025-01-31T08:48:30+00:00","article_modified_time":"2025-01-31T08:49:28+00:00","og_image":[{"width":1234,"height":970,"url":"https:\/\/www.unibaugewerbebau.de\/wp-content\/uploads\/2025\/01\/Bildschirmfoto-2025-01-31-um-12.41.51.png","type":"image\/png"}],"author":"Anke Raijmakers - van Horik","twitter_card":"summary_large_image","twitter_misc":{"Written by":"Anke Raijmakers - van Horik","Est. reading time":"4 minutes"},"schema":{"@context":"https:\/\/schema.org","@graph":[{"@type":"WebPage","@id":"https:\/\/www.unibaugewerbebau.de\/en\/bvmw-jahresempfang-2025\/","url":"https:\/\/www.unibaugewerbebau.de\/en\/bvmw-jahresempfang-2025\/","name":"BVMW Jahresempfang 2025: Ein inspirierender Start ins neue Jahr","isPartOf":{"@id":"https:\/\/www.unibaugewerbebau.de\/en\/#website"},"primaryImageOfPage":{"@id":"https:\/\/www.unibaugewerbebau.de\/en\/bvmw-jahresempfang-2025\/#primaryimage"},"image":{"@id":"https:\/\/www.unibaugewerbebau.de\/en\/bvmw-jahresempfang-2025\/#primaryimage"},"thumbnailUrl":"https:\/\/www.unibaugewerbebau.de\/wp-content\/uploads\/2025\/01\/Bildschirmfoto-2025-01-31-um-12.41.51.png","datePublished":"2025-01-31T08:48:30+00:00","dateModified":"2025-01-31T08:49:28+00:00","author":{"@id":"https:\/\/www.unibaugewerbebau.de\/en\/#\/schema\/person\/c6b6aea453107dfa012c8f95f02b6409"},"description":"Der BVMW Jahresempfang bot eine Vielzahl von inspirierenden Vortr\u00e4gen und Podiumsdiskussionen zu vielen verschiedenen Themen.","inLanguage":"en-US","potentialAction":[{"@type":"ReadAction","target":["https:\/\/www.unibaugewerbebau.de\/en\/bvmw-jahresempfang-2025\/"]}]},{"@type":"ImageObject","inLanguage":"en-US","@id":"https:\/\/www.unibaugewerbebau.de\/en\/bvmw-jahresempfang-2025\/#primaryimage","url":"https:\/\/www.unibaugewerbebau.de\/wp-content\/uploads\/2025\/01\/Bildschirmfoto-2025-01-31-um-12.41.51.png","contentUrl":"https:\/\/www.unibaugewerbebau.de\/wp-content\/uploads\/2025\/01\/Bildschirmfoto-2025-01-31-um-12.41.51.png","width":1234,"height":970,"caption":"BVMW"},{"@type":"WebSite","@id":"https:\/\/www.unibaugewerbebau.de\/en\/#website","url":"https:\/\/www.unibaugewerbebau.de\/en\/","name":"Unibau Gewerbebau GmbH","description":"","potentialAction":[{"@type":"SearchAction","target":{"@type":"EntryPoint","urlTemplate":"https:\/\/www.unibaugewerbebau.de\/en\/?s={search_term_string}"},"query-input":{"@type":"PropertyValueSpecification","valueRequired":true,"valueName":"search_term_string"}}],"inLanguage":"en-US"},{"@type":"Person","@id":"https:\/\/www.unibaugewerbebau.de\/en\/#\/schema\/person\/c6b6aea453107dfa012c8f95f02b6409","name":"Anke Raijmakers - van Horik","url":"https:\/\/www.unibaugewerbebau.de\/en\/author\/ankeunibouw-eu\/"}]}},"_links":{"self":[{"href":"https:\/\/www.unibaugewerbebau.de\/en\/wp-json\/wp\/v2\/posts\/6517","targetHints":{"allow":["GET"]}}],"collection":[{"href":"https:\/\/www.unibaugewerbebau.de\/en\/wp-json\/wp\/v2\/posts"}],"about":[{"href":"https:\/\/www.unibaugewerbebau.de\/en\/wp-json\/wp\/v2\/types\/post"}],"author":[{"embeddable":true,"href":"https:\/\/www.unibaugewerbebau.de\/en\/wp-json\/wp\/v2\/users\/5"}],"replies":[{"embeddable":true,"href":"https:\/\/www.unibaugewerbebau.de\/en\/wp-json\/wp\/v2\/comments?post=6517"}],"version-history":[{"count":3,"href":"https:\/\/www.unibaugewerbebau.de\/en\/wp-json\/wp\/v2\/posts\/6517\/revisions"}],"predecessor-version":[{"id":6527,"href":"https:\/\/www.unibaugewerbebau.de\/en\/wp-json\/wp\/v2\/posts\/6517\/revisions\/6527"}],"wp:featuredmedia":[{"embeddable":true,"href":"https:\/\/www.unibaugewerbebau.de\/en\/wp-json\/wp\/v2\/media\/6518"}],"wp:attachment":[{"href":"https:\/\/www.unibaugewerbebau.de\/en\/wp-json\/wp\/v2\/media?parent=6517"}],"wp:term":[{"taxonomy":"category","embeddable":true,"href":"https:\/\/www.unibaugewerbebau.de\/en\/wp-json\/wp\/v2\/categories?post=6517"},{"taxonomy":"post_tag","embeddable":true,"href":"https:\/\/www.unibaugewerbebau.de\/en\/wp-json\/wp\/v2\/tags?post=6517"}],"curies":[{"name":"wp","href":"https:\/\/api.w.org\/{rel}","templated":true}]}}